{"id":63881,"date":"2026-02-22T10:09:54","date_gmt":"2026-02-22T15:09:54","guid":{"rendered":"https:\/\/www.radiosanctispiritus.cu\/es\/?p=63881"},"modified":"2026-02-22T10:09:54","modified_gmt":"2026-02-22T15:09:54","slug":"desde-este-lunes-nuevo-frente-frio-sobre-cuba","status":"publish","type":"post","link":"https:\/\/www.radiosanctispiritus.cu\/es\/desde-este-lunes-nuevo-frente-frio-sobre-cuba\/","title":{"rendered":"Desde este lunes nuevo frente fr\u00edo sobre Cuba"},"content":{"rendered":"<p>La regi\u00f3n occidental de Cuba se prepara para recibir en las pr\u00f3ximas horas el d\u00e9cimo frente fr\u00edo de la actual temporada invernal, un sistema que traer\u00e1 consigo un notable cambio en las condiciones meteorol\u00f3gicas.<\/p>\n<p>Seg\u00fan las proyecciones de los modelos de pron\u00f3stico, el fen\u00f3meno debe penetrar en el territorio durante la madrugada de este lunes 23 de febrero, marcando la continuaci\u00f3n de un invierno que hasta ahora ha transcurrido con la habitual sucesi\u00f3n de sistemas frontales.<\/p>\n<p>La m\u00e1ster en Ciencias Ailyn Justiz \u00c1guila, jefa del Centro de Pron\u00f3sticos del\u00a0Instituto de Meteorolog\u00eda, coment\u00f3 que\u00a0con la entrada del sistema, habr\u00e1 un incremento en la probabilidad de chubascos y lluvias, mientras aumentar\u00e1 la fuerza de los vientos del norte, generando marejadas en el litoral norte de esa porci\u00f3n del archipi\u00e9lago cubano.<\/p>\n<p>Estas condiciones son caracter\u00edsticas del paso de los frentes fr\u00edos, que al interactuar con las aguas c\u00e1lidas del Golfo de M\u00e9xico y el Caribe pueden generar precipitaciones significativas, especialmente en las costas y zonas bajas.<\/p>\n<p>No obstante,\u00a0lo m\u00e1s significativo de este evento no ser\u00e1 solo el frente en s\u00ed mismo, sino lo que ocurrir\u00e1 despu\u00e9s. Seg\u00fan precis\u00f3 la especialista, lo m\u00e1s interesante es que,\u00a0tras el avance del frente hacia el este, comenzar\u00e1 a influir sobre el Occidente y Centro una nueva masa de aire muy fr\u00edo de origen \u00e1rtico, que provocar\u00e1 un marcado descenso de las temperaturas m\u00e1ximas y m\u00ednimas.<\/p>\n<p>Este tipo de masa de aire, proveniente de latitudes polares, es la responsable de los episodios de fr\u00edo m\u00e1s intensos en la regi\u00f3n, con registros que pueden descender sensiblemente por debajo de los valores habituales para estas fechas.<\/p>\n<p>El descenso t\u00e9rmico se dejar\u00e1 sentir con mayor fuerza durante las madrugadas y primeras horas de la ma\u00f1ana, cuando los term\u00f3metros podr\u00edan alcanzar valores m\u00ednimos notables, especialmente en localidades del interior y en zonas elevadas.\u00a0Las temperaturas m\u00e1ximas diurnas tambi\u00e9n se ver\u00e1n afectadas, con tardes frescas que contrastar\u00e1n con el ambiente m\u00e1s c\u00e1lido de los d\u00edas previos al frente.<\/p>\n<p>Ante este panorama, se recomienda a la poblaci\u00f3n, particularmente en las provincias occidentales y centrales, mantenerse atenta a los avisos del Instituto de Meteorolog\u00eda y tomar las precauciones necesarias ante las marejadas en el litoral norte, que podr\u00edan generar inundaciones costeras de moderada intensidad.<\/p>\n<p>Asimismo, se aconseja a las personas m\u00e1s vulnerables, como ni\u00f1os, ancianos y personas con enfermedades respiratorias, extremar los cuidados ante el repentino cambio de temperatura.<\/p>\n<p>Las condiciones invernales, con predominio de vientos frescos del norte, nublados parciales y bajas temperaturas, se extender\u00e1n hasta el mi\u00e9rcoles, cuando se espera que la masa de aire fr\u00edo comience a modular su influencia y las temperaturas inicien un gradual ascenso.<\/p>\n","protected":false},"excerpt":{"rendered":"<p>Las condiciones invernales, con predominio de vientos frescos del norte, nublados parciales y bajas temperaturas, se extender\u00e1n hasta el mi\u00e9rcoles, cuando se espera que la masa de aire fr\u00edo comience a modular su influencia y las temperaturas inicien un gradual ascenso.<\/p>\n","protected":false},"author":26,"featured_media":62137,"comment_status":"open","ping_status":"open","sticky":false,"template":"","format":"standard","meta":{"_acf_changed":false,"footnotes":""},"categories":[8,3],"tags":[1344,112],"coauthors":[1887],"class_list":["post-63881","post","type-post","status-publish","format-standard","has-post-thumbnail","hentry","category-noticia","category-cuba","tag-frente-frio","tag-meteorologia"],"acf":[],"_links":{"self":[{"href":"https:\/\/www.radiosanctispiritus.cu\/es\/wp-json\/wp\/v2\/posts\/63881","targetHints":{"allow":["GET"]}}],"collection":[{"href":"https:\/\/www.radiosanctispiritus.cu\/es\/wp-json\/wp\/v2\/posts"}],"about":[{"href":"https:\/\/www.radiosanctispiritus.cu\/es\/wp-json\/wp\/v2\/types\/post"}],"author":[{"embeddable":true,"href":"https:\/\/www.radiosanctispiritus.cu\/es\/wp-json\/wp\/v2\/users\/26"}],"replies":[{"embeddable":true,"href":"https:\/\/www.radiosanctispiritus.cu\/es\/wp-json\/wp\/v2\/comments?post=63881"}],"version-history":[{"count":1,"href":"https:\/\/www.radiosanctispiritus.cu\/es\/wp-json\/wp\/v2\/posts\/63881\/revisions"}],"predecessor-version":[{"id":63882,"href":"https:\/\/www.radiosanctispiritus.cu\/es\/wp-json\/wp\/v2\/posts\/63881\/revisions\/63882"}],"wp:featuredmedia":[{"embeddable":true,"href":"https:\/\/www.radiosanctispiritus.cu\/es\/wp-json\/wp\/v2\/media\/62137"}],"wp:attachment":[{"href":"https:\/\/www.radiosanctispiritus.cu\/es\/wp-json\/wp\/v2\/media?parent=63881"}],"wp:term":[{"taxonomy":"category","embeddable":true,"href":"https:\/\/www.radiosanctispiritus.cu\/es\/wp-json\/wp\/v2\/categories?post=63881"},{"taxonomy":"post_tag","embeddable":true,"href":"https:\/\/www.radiosanctispiritus.cu\/es\/wp-json\/wp\/v2\/tags?post=63881"},{"taxonomy":"author","embeddable":true,"href":"https:\/\/www.radiosanctispiritus.cu\/es\/wp-json\/wp\/v2\/coauthors?post=63881"}],"curies":[{"name":"wp","href":"https:\/\/api.w.org\/{rel}","templated":true}]}}