{"id":63837,"date":"2026-02-20T20:43:47","date_gmt":"2026-02-21T01:43:47","guid":{"rendered":"https:\/\/www.radiosanctispiritus.cu\/es\/?p=63837"},"modified":"2026-02-21T06:36:36","modified_gmt":"2026-02-21T11:36:36","slug":"cuba-habilita-licencias-temporales-para-motos-y-triciclos-electricos-sin-matricula","status":"publish","type":"post","link":"https:\/\/www.radiosanctispiritus.cu\/es\/cuba-habilita-licencias-temporales-para-motos-y-triciclos-electricos-sin-matricula\/","title":{"rendered":"Cuba habilita licencias temporales para motos y triciclos el\u00e9ctricos sin matr\u00edcula"},"content":{"rendered":"<p>Eduardo Rodr\u00edguez D\u00e1vila, ministro de Transporte de la Rep\u00fablica de Cuba, emiti\u00f3 la Instrucci\u00f3n no. 1 de 2026 para el otorgamiento de Licencias de Operaciones de Transporte (LOT) a personas naturales poseedoras de ciclomotores, motocicletas y triciclos el\u00e9ctricos, de manera excepcional y temporal, inform\u00f3 la web del Portal del Gobierno de Plaza de la Revoluci\u00f3n.<\/p>\n<p>La disposici\u00f3n atendi\u00f3 solicitudes de autoridades locales y tom\u00f3 en cuenta que en los territorios existen ciclomotores, motocicletas y triciclos el\u00e9ctricos sin matr\u00edcula, situaci\u00f3n que dificulta su incorporaci\u00f3n al sistema de transporte y su contrataci\u00f3n seg\u00fan prioridades territoriales.<\/p>\n<p>El documento establece que los titulares deber\u00e1n acreditar la legalidad del veh\u00edculo y portar la categor\u00eda A de la Licencia de Conducci\u00f3n. En ausencia de matr\u00edcula, se tomar\u00e1 el n\u00famero de chasis como referencia temporal.<\/p>\n<p>La tramitaci\u00f3n de la LOT se realizar\u00e1 seg\u00fan lo dispuesto en la Resoluci\u00f3n 140 de 2024, con las excepciones previstas en la nueva instrucci\u00f3n. Los conductores deber\u00e1n portar la licencia emitida para efectos de control en la v\u00eda.<\/p>\n<p>Las autoridades del transporte, junto a los Centros de revisi\u00f3n t\u00e9cnica automotor, facilitar\u00e1n la inspecci\u00f3n reglamentaria de estos veh\u00edculos en cabeceras provinciales y municipios, garantizando la seguridad de pasajeros y cargas.<\/p>\n<p>El precio de los servicios de transportaci\u00f3n ser\u00e1 definido por los \u00f3rganos locales del Poder Popular en coordinaci\u00f3n con los titulares, seg\u00fan el tipo de servicio.<\/p>\n<p>La licencia tendr\u00e1 car\u00e1cter municipal, excepto en La Habana donde ser\u00e1 provincial, y se otorgar\u00e1 por un per\u00edodo de un a\u00f1o, durante el cual los titulares deber\u00e1n cumplir los requisitos previstos en el reglamento de las LOT.<\/p>\n<p>La Instrucci\u00f3n no. 1 estar\u00e1 vigente hasta el 31 de diciembre de 2026, precis\u00f3 el Ministerio de Trasporte.<\/p>\n","protected":false},"excerpt":{"rendered":"<p>Las autoridades del transporte, junto a los Centros de revisi\u00f3n t\u00e9cnica automotor, facilitar\u00e1n la inspecci\u00f3n reglamentaria de estos veh\u00edculos en cabeceras provinciales y municipios, garantizando la seguridad de pasajeros y cargas. \u00a0<\/p>\n","protected":false},"author":123,"featured_media":63838,"comment_status":"open","ping_status":"open","sticky":false,"template":"","format":"standard","meta":{"_acf_changed":false,"footnotes":""},"categories":[8,3,16],"tags":[144,330],"coauthors":[1895],"class_list":["post-63837","post","type-post","status-publish","format-standard","has-post-thumbnail","hentry","category-noticia","category-cuba","category-economia","tag-transporte","tag-transporte-terrestre"],"acf":[],"_links":{"self":[{"href":"https:\/\/www.radiosanctispiritus.cu\/es\/wp-json\/wp\/v2\/posts\/63837","targetHints":{"allow":["GET"]}}],"collection":[{"href":"https:\/\/www.radiosanctispiritus.cu\/es\/wp-json\/wp\/v2\/posts"}],"about":[{"href":"https:\/\/www.radiosanctispiritus.cu\/es\/wp-json\/wp\/v2\/types\/post"}],"author":[{"embeddable":true,"href":"https:\/\/www.radiosanctispiritus.cu\/es\/wp-json\/wp\/v2\/users\/123"}],"replies":[{"embeddable":true,"href":"https:\/\/www.radiosanctispiritus.cu\/es\/wp-json\/wp\/v2\/comments?post=63837"}],"version-history":[{"count":1,"href":"https:\/\/www.radiosanctispiritus.cu\/es\/wp-json\/wp\/v2\/posts\/63837\/revisions"}],"predecessor-version":[{"id":63839,"href":"https:\/\/www.radiosanctispiritus.cu\/es\/wp-json\/wp\/v2\/posts\/63837\/revisions\/63839"}],"wp:featuredmedia":[{"embeddable":true,"href":"https:\/\/www.radiosanctispiritus.cu\/es\/wp-json\/wp\/v2\/media\/63838"}],"wp:attachment":[{"href":"https:\/\/www.radiosanctispiritus.cu\/es\/wp-json\/wp\/v2\/media?parent=63837"}],"wp:term":[{"taxonomy":"category","embeddable":true,"href":"https:\/\/www.radiosanctispiritus.cu\/es\/wp-json\/wp\/v2\/categories?post=63837"},{"taxonomy":"post_tag","embeddable":true,"href":"https:\/\/www.radiosanctispiritus.cu\/es\/wp-json\/wp\/v2\/tags?post=63837"},{"taxonomy":"author","embeddable":true,"href":"https:\/\/www.radiosanctispiritus.cu\/es\/wp-json\/wp\/v2\/coauthors?post=63837"}],"curies":[{"name":"wp","href":"https:\/\/api.w.org\/{rel}","templated":true}]}}