{"id":63755,"date":"2026-02-24T09:50:40","date_gmt":"2026-02-24T14:50:40","guid":{"rendered":"https:\/\/www.radiosanctispiritus.cu\/es\/?p=63755"},"modified":"2026-02-20T08:51:58","modified_gmt":"2026-02-20T13:51:58","slug":"que-cualidades-tenemos-los-cubanos-que-nos-hacen-unicos","status":"publish","type":"post","link":"https:\/\/www.radiosanctispiritus.cu\/es\/que-cualidades-tenemos-los-cubanos-que-nos-hacen-unicos\/","title":{"rendered":"\u00bfQu\u00e9 cualidades tenemos los cubanos que nos hacen \u00fanicos?"},"content":{"rendered":"<p>Desc\u00fabrelo junto a Carlo Figueroa en el Podcast de La Otra Esquina<\/p>\n<p><iframe width=\"560\" height=\"315\" src=\"https:\/\/www.youtube.com\/embed\/fAMlTHHQ254?si=CVbRBMRJmJCbus3B\" title=\"YouTube video player\" frameborder=\"0\" allow=\"accelerometer; autoplay; clipboard-write; encrypted-media; gyroscope; picture-in-picture; web-share\" referrerpolicy=\"strict-origin-when-cross-origin\" allowfullscreen><\/iframe><\/p>\n","protected":false},"excerpt":{"rendered":"<p>Desc\u00fabrelo junto a Carlo Figueroa en el Podcast de La Otra Esquina<\/p>\n","protected":false},"author":4,"featured_media":63320,"comment_status":"open","ping_status":"open","sticky":false,"template":"","format":"audio","meta":{"_acf_changed":false,"footnotes":""},"categories":[1145,2176],"tags":[2181],"coauthors":[1883],"class_list":["post-63755","post","type-post","status-publish","format-audio","has-post-thumbnail","hentry","category-podcast","category-la-otra-esquina-podcast","tag-la-otra-esquina","post_format-post-format-audio"],"acf":[],"_links":{"self":[{"href":"https:\/\/www.radiosanctispiritus.cu\/es\/wp-json\/wp\/v2\/posts\/63755","targetHints":{"allow":["GET"]}}],"collection":[{"href":"https:\/\/www.radiosanctispiritus.cu\/es\/wp-json\/wp\/v2\/posts"}],"about":[{"href":"https:\/\/www.radiosanctispiritus.cu\/es\/wp-json\/wp\/v2\/types\/post"}],"author":[{"embeddable":true,"href":"https:\/\/www.radiosanctispiritus.cu\/es\/wp-json\/wp\/v2\/users\/4"}],"replies":[{"embeddable":true,"href":"https:\/\/www.radiosanctispiritus.cu\/es\/wp-json\/wp\/v2\/comments?post=63755"}],"version-history":[{"count":2,"href":"https:\/\/www.radiosanctispiritus.cu\/es\/wp-json\/wp\/v2\/posts\/63755\/revisions"}],"predecessor-version":[{"id":63757,"href":"https:\/\/www.radiosanctispiritus.cu\/es\/wp-json\/wp\/v2\/posts\/63755\/revisions\/63757"}],"wp:featuredmedia":[{"embeddable":true,"href":"https:\/\/www.radiosanctispiritus.cu\/es\/wp-json\/wp\/v2\/media\/63320"}],"wp:attachment":[{"href":"https:\/\/www.radiosanctispiritus.cu\/es\/wp-json\/wp\/v2\/media?parent=63755"}],"wp:term":[{"taxonomy":"category","embeddable":true,"href":"https:\/\/www.radiosanctispiritus.cu\/es\/wp-json\/wp\/v2\/categories?post=63755"},{"taxonomy":"post_tag","embeddable":true,"href":"https:\/\/www.radiosanctispiritus.cu\/es\/wp-json\/wp\/v2\/tags?post=63755"},{"taxonomy":"author","embeddable":true,"href":"https:\/\/www.radiosanctispiritus.cu\/es\/wp-json\/wp\/v2\/coauthors?post=63755"}],"curies":[{"name":"wp","href":"https:\/\/api.w.org\/{rel}","templated":true}]}}