{"id":62874,"date":"2026-02-06T08:08:28","date_gmt":"2026-02-06T13:08:28","guid":{"rendered":"https:\/\/www.radiosanctispiritus.cu\/es\/?p=62874"},"modified":"2026-02-06T13:49:04","modified_gmt":"2026-02-06T18:49:04","slug":"emision-del-viernes-6-de-febrero-de-2026","status":"publish","type":"post","link":"https:\/\/www.radiosanctispiritus.cu\/es\/emision-del-viernes-6-de-febrero-de-2026\/","title":{"rendered":"Noticiero Un paso m\u00e1s, viernes, 6 de febrero de 2026"},"content":{"rendered":"<p>En su emisi\u00f3n del viernes 6 de febrero de 2026, el Noticiero Un Paso M\u00e1s inform\u00f3 sobre las acciones definidas en Sancti Sp\u00edritus para fortalecer la empresa estatal y a los nuevos actores econ\u00f3micos, siguiendo los acuerdos nacionales para corregir distorsiones y reimpulsar la econom\u00eda. Asimismo, se abordaron temas de impacto local como las alternativas que busca la Empresa de Acueducto para paliar el complejo abasto de agua, las iniciativas educativas en Yaguajay para homenajear a Camilo Cienfuegos y el reconocimiento con el Sello Colectivo a cuatro entidades del sector cultural espirituano.<\/p>\n<p>En el \u00e1mbito internacional, el noticiero destac\u00f3 el reforzamiento de los hist\u00f3ricos lazos de hermandad y cooperaci\u00f3n entre Cuba y el Grupo de Amistad del Parlamento de Etiop\u00eda, quienes ratificaron su solidaridad con la isla frente al bloqueo y su apoyo para su exclusi\u00f3n de la lista unilateral de pa\u00edses patrocinadores del terrorismo. Adem\u00e1s, en la secci\u00f3n Ventana Global, se analiz\u00f3 la propuesta del presidente estadounidense Donald Trump de trabajar en un nuevo tratado de armas estrat\u00e9gicas con Rusia, tras la expiraci\u00f3n del Nuevo START, una situaci\u00f3n que, seg\u00fan expertos, deja al mundo en un escenario de mayor riesgo. La emisi\u00f3n concluy\u00f3 con una nota positiva sobre la sincronizaci\u00f3n del primero de seis parques fotovoltaicos para comunidades aisladas, fruto de una alianza provincial.<\/p>\n<p><iframe src=\"https:\/\/www.ivoox.com\/player_ej_167933654_6_1.html?c1=a30707\" width=\"100%\" height=\"200\" frameborder=\"0\" allowfullscreen=\"\" scrolling=\"no\" loading=\"lazy\"><\/iframe><\/p>\n","protected":false},"excerpt":{"rendered":"<p>En su emisi\u00f3n del viernes 6 de febrero de 2026, el Noticiero Un Paso M\u00e1s inform\u00f3 sobre las acciones definidas en Sancti Sp\u00edritus para fortalecer la empresa estatal y a los nuevos actores econ\u00f3micos, siguiendo los acuerdos nacionales para corregir distorsiones y reimpulsar la econom\u00eda. Asimismo, se abordaron temas de impacto local como las alternativas [&hellip;]<\/p>\n","protected":false},"author":4,"featured_media":62285,"comment_status":"open","ping_status":"open","sticky":false,"template":"","format":"audio","meta":{"_acf_changed":false,"footnotes":""},"categories":[10,2163],"tags":[],"coauthors":[1883],"class_list":["post-62874","post","type-post","status-publish","format-audio","has-post-thumbnail","hentry","category-programas-de-radio","category-un-paso-mas","post_format-post-format-audio"],"acf":[],"_links":{"self":[{"href":"https:\/\/www.radiosanctispiritus.cu\/es\/wp-json\/wp\/v2\/posts\/62874","targetHints":{"allow":["GET"]}}],"collection":[{"href":"https:\/\/www.radiosanctispiritus.cu\/es\/wp-json\/wp\/v2\/posts"}],"about":[{"href":"https:\/\/www.radiosanctispiritus.cu\/es\/wp-json\/wp\/v2\/types\/post"}],"author":[{"embeddable":true,"href":"https:\/\/www.radiosanctispiritus.cu\/es\/wp-json\/wp\/v2\/users\/4"}],"replies":[{"embeddable":true,"href":"https:\/\/www.radiosanctispiritus.cu\/es\/wp-json\/wp\/v2\/comments?post=62874"}],"version-history":[{"count":2,"href":"https:\/\/www.radiosanctispiritus.cu\/es\/wp-json\/wp\/v2\/posts\/62874\/revisions"}],"predecessor-version":[{"id":62888,"href":"https:\/\/www.radiosanctispiritus.cu\/es\/wp-json\/wp\/v2\/posts\/62874\/revisions\/62888"}],"wp:featuredmedia":[{"embeddable":true,"href":"https:\/\/www.radiosanctispiritus.cu\/es\/wp-json\/wp\/v2\/media\/62285"}],"wp:attachment":[{"href":"https:\/\/www.radiosanctispiritus.cu\/es\/wp-json\/wp\/v2\/media?parent=62874"}],"wp:term":[{"taxonomy":"category","embeddable":true,"href":"https:\/\/www.radiosanctispiritus.cu\/es\/wp-json\/wp\/v2\/categories?post=62874"},{"taxonomy":"post_tag","embeddable":true,"href":"https:\/\/www.radiosanctispiritus.cu\/es\/wp-json\/wp\/v2\/tags?post=62874"},{"taxonomy":"author","embeddable":true,"href":"https:\/\/www.radiosanctispiritus.cu\/es\/wp-json\/wp\/v2\/coauthors?post=62874"}],"curies":[{"name":"wp","href":"https:\/\/api.w.org\/{rel}","templated":true}]}}