{"id":62464,"date":"2026-01-31T03:47:27","date_gmt":"2026-01-31T08:47:27","guid":{"rendered":"https:\/\/www.radiosanctispiritus.cu\/es\/?p=62464"},"modified":"2026-01-30T22:05:35","modified_gmt":"2026-01-31T03:05:35","slug":"mipymes-en-sancti-spiritus-consolidan-su-papel-como-actores-economicos-y-sociales-de-peso","status":"publish","type":"post","link":"https:\/\/www.radiosanctispiritus.cu\/es\/mipymes-en-sancti-spiritus-consolidan-su-papel-como-actores-economicos-y-sociales-de-peso\/","title":{"rendered":"MIPYMES en Sancti Sp\u00edritus consolidan su papel como actores econ\u00f3micos y sociales de peso"},"content":{"rendered":"<p>Con 381 micro, peque\u00f1as y medianas empresas en funcionamiento, la provincia de Sancti Sp\u00edritus consolida hoy estas formas de gesti\u00f3n como un pilar de su econom\u00eda, al ser responsables de m\u00e1s del 50 por ciento de la recaudaci\u00f3n del presupuesto del Estado.<\/p>\n<p>De acuerdo con Daisel Garc\u00eda Bello, directora de Desarrollo Territorial del Gobierno espirituano, estas formas de gesti\u00f3n se concentran en sectores estrat\u00e9gicos como la construcci\u00f3n, la gastronom\u00eda, el transporte, los servicios t\u00e9cnicos y otros, al tiempo que generan empleos y encadenamientos productivos con entidades estatales.<\/p>\n<p>Adem\u00e1s de su impacto financiero, las MEPYMES espirituanas mantienen un v\u00ednculo directo con la comunidad a trav\u00e9s de proyectos sociales, educativos y culturales, una pr\u00e1ctica que refuerza su compromiso con el desarrollo territorial.<\/p>\n<p>En el contexto actual, el fortalecimiento y la estabilidad de las MIPYMES se reconocen como elementos claves para sostener el desarrollo econ\u00f3mico y social de Sancti Sp\u00edritus.<\/p>\n<p><iframe src=\"https:\/\/www.ivoox.com\/player_ej_167626120_6_1.html?c1=7a0d0b\" width=\"100%\" height=\"200\" frameborder=\"0\" scrolling=\"no\" allowfullscreen=\"allowfullscreen\"><\/iframe><\/p>\n","protected":false},"excerpt":{"rendered":"<p>Con 381 micro, peque\u00f1as y medianas empresas en funcionamiento, la provincia de Sancti Sp\u00edritus consolida hoy estas formas de gesti\u00f3n como un pilar de su econom\u00eda, al ser responsables de m\u00e1s del 50 por ciento de la recaudaci\u00f3n del presupuesto del Estado.<\/p>\n","protected":false},"author":29,"featured_media":33626,"comment_status":"open","ping_status":"open","sticky":false,"template":"","format":"standard","meta":{"_acf_changed":false,"footnotes":""},"categories":[16,9,8,1],"tags":[1246,71,457],"coauthors":[1856],"class_list":["post-62464","post","type-post","status-publish","format-standard","has-post-thumbnail","hentry","category-economia","category-en-audio","category-noticia","category-sancti-spiritus","tag-actores-economicos","tag-economia","tag-mipymes"],"acf":[],"_links":{"self":[{"href":"https:\/\/www.radiosanctispiritus.cu\/es\/wp-json\/wp\/v2\/posts\/62464","targetHints":{"allow":["GET"]}}],"collection":[{"href":"https:\/\/www.radiosanctispiritus.cu\/es\/wp-json\/wp\/v2\/posts"}],"about":[{"href":"https:\/\/www.radiosanctispiritus.cu\/es\/wp-json\/wp\/v2\/types\/post"}],"author":[{"embeddable":true,"href":"https:\/\/www.radiosanctispiritus.cu\/es\/wp-json\/wp\/v2\/users\/29"}],"replies":[{"embeddable":true,"href":"https:\/\/www.radiosanctispiritus.cu\/es\/wp-json\/wp\/v2\/comments?post=62464"}],"version-history":[{"count":4,"href":"https:\/\/www.radiosanctispiritus.cu\/es\/wp-json\/wp\/v2\/posts\/62464\/revisions"}],"predecessor-version":[{"id":62474,"href":"https:\/\/www.radiosanctispiritus.cu\/es\/wp-json\/wp\/v2\/posts\/62464\/revisions\/62474"}],"wp:featuredmedia":[{"embeddable":true,"href":"https:\/\/www.radiosanctispiritus.cu\/es\/wp-json\/wp\/v2\/media\/33626"}],"wp:attachment":[{"href":"https:\/\/www.radiosanctispiritus.cu\/es\/wp-json\/wp\/v2\/media?parent=62464"}],"wp:term":[{"taxonomy":"category","embeddable":true,"href":"https:\/\/www.radiosanctispiritus.cu\/es\/wp-json\/wp\/v2\/categories?post=62464"},{"taxonomy":"post_tag","embeddable":true,"href":"https:\/\/www.radiosanctispiritus.cu\/es\/wp-json\/wp\/v2\/tags?post=62464"},{"taxonomy":"author","embeddable":true,"href":"https:\/\/www.radiosanctispiritus.cu\/es\/wp-json\/wp\/v2\/coauthors?post=62464"}],"curies":[{"name":"wp","href":"https:\/\/api.w.org\/{rel}","templated":true}]}}