{"id":62455,"date":"2026-01-31T02:10:06","date_gmt":"2026-01-31T07:10:06","guid":{"rendered":"https:\/\/www.radiosanctispiritus.cu\/es\/?p=62455"},"modified":"2026-01-31T06:22:14","modified_gmt":"2026-01-31T11:22:14","slug":"plenos-partidistas-en-cabaiguan-y-fomento-definen-prioridades-de-este-2026","status":"publish","type":"post","link":"https:\/\/www.radiosanctispiritus.cu\/es\/plenos-partidistas-en-cabaiguan-y-fomento-definen-prioridades-de-este-2026\/","title":{"rendered":"Plenos partidistas en Cabaigu\u00e1n y Fomento definen prioridades de este 2026"},"content":{"rendered":"<p>A partir de una profunda y cr\u00edtica evaluaci\u00f3n de los resultados obtenidos en la atenci\u00f3n del partido a las prioridades definidas en el a\u00f1o 2025, la vanguardia comunista de Cabaigu\u00e1n proyect\u00f3 los compromisos de trabajo para el 2026 a trav\u00e9s de la implementaci\u00f3n de los acuerdos del XI Pleno del Comit\u00e9 Central del Partido.<\/p>\n<p>En una reuni\u00f3n presidida por Deivy P\u00e9rez Mart\u00edn, integrante del Comit\u00e9 Central del Partido y su primera secretaria en la provincia, los miembros del \u00f3rgano pol\u00edtico cabaiguanense reflexionaron sobre la necesidad de revertir las situaciones que en el orden pol\u00edtico e ideol\u00f3gico atentan contra el fortalecimiento de la unidad, el aseguramiento pol\u00edtico al programa de gobierno para corregir distorsiones y reimpulsar la econom\u00eda y el enfrentamiento a las desviaciones y tendencias negativas presentes en la sociedad.<\/p>\n<p>Los partidistas de Cabaigu\u00e1n coincidieron en la importancia de optimizar, de ahorrar al m\u00e1ximo el combustible del cual se disponga, as\u00ed como de seguir ahorrando electricidad que sigue aumentando y la administraci\u00f3n norteamericana de turno en la Casa Blanca acaba de darle otra vuelta a la tuerca para restringir a\u00fan m\u00e1s la entrada de combustibles a la isla y asfixiar econ\u00f3micamente a Cuba.<\/p>\n<p>La m\u00e1xima dirigente pol\u00edtica espirituana se refiri\u00f3 al papel del territorio en la producci\u00f3n de alimentos y sobre este \u00faltimo desaf\u00edo enfatiz\u00f3 que ese s\u00ed tenemos que solucionarlo a nivel territorial y es Cabaigu\u00e1n, uno de los municipios de esta provincia con condiciones objetivas para lograrlo e incluso aportar a otros territorios por la calidad de sus tierras y sus campesinos, por la tradici\u00f3n productiva que los respalda y por el amparo que en la ciencia encuentran para superarse constantemente, asegur\u00f3.<\/p>\n<p>Asimismo, P\u00e9rez Mart\u00edn habl\u00f3 sobre la necesidad de saber cu\u00e1les son las estructuras productivas que tenemos, las estatales y las no estatales, cu\u00e1les son las potencialidades y reservas con las cuales se cuenta y cu\u00e1l es el amparo legal que sustenta la adopci\u00f3n de medida con los incumplidores.<\/p>\n<p>Considerando los sectores priorizados para el desarrollo en el territorio, entre los cuales sobresalen adem\u00e1s la zafra azucarera, la campa\u00f1a tabacalera, energ\u00eda y construcci\u00f3n, y con la experiencia de la implementaci\u00f3n del programa de gobierno en el a\u00f1o 2025 y la fortaleza del dise\u00f1o del aseguramiento pol\u00edtico para su implementaci\u00f3n.<\/p>\n<p>En el Pleno Extraordinario del Comit\u00e9 Municipal del Partido de Cabaiguan, que tuvo lugar la tarde de este viernes, se definieron los compromisos para el 2026.<\/p>\n<p><iframe src=\"https:\/\/www.ivoox.com\/player_ej_167624017_6_1.html?c1=7a0d0b\" width=\"100%\" height=\"200\" frameborder=\"0\" scrolling=\"no\" allowfullscreen=\"allowfullscreen\"><\/iframe><\/p>\n<p><strong>Pleno del Partido en Fomento llama a trabajar sin descanso para revertir situaci\u00f3n del pa\u00eds<\/strong><\/p>\n<p><img decoding=\"async\" class=\"size-medium wp-image-62456 aligncenter\" src=\"https:\/\/www.radiosanctispiritus.cu\/es\/wp-content\/uploads\/PCC-Pleno-Fomento-600x450.jpg\" alt=\"\" width=\"600\" height=\"450\" srcset=\"https:\/\/www.radiosanctispiritus.cu\/es\/wp-content\/uploads\/PCC-Pleno-Fomento-600x450.jpg 600w, https:\/\/www.radiosanctispiritus.cu\/es\/wp-content\/uploads\/PCC-Pleno-Fomento-768x576.jpg 768w, https:\/\/www.radiosanctispiritus.cu\/es\/wp-content\/uploads\/PCC-Pleno-Fomento.jpg 1024w\" sizes=\"(max-width: 600px) 100vw, 600px\" \/><\/p>\n<p>Que en este 2026 se dediquen todos los recursos humanos y materiales que tengamos a solucionar los problemas que tenemos, fue la idea central del debate realizado en Fomento como parte del Pleno Extraordinario del Comit\u00e9 Municipal del Partido.<\/p>\n<p>Con la presencia de David P\u00e9rez Mart\u00edn, Primera Secretaria del Comit\u00e9 Provincial del Partido en Sancti Sp\u00edritus, los participantes en la cita analizaron la implementaci\u00f3n de los acuerdos del XI Pleno del Comit\u00e9 Central de la organizaci\u00f3n y los compromisos para el presente a\u00f1o 2026.<\/p>\n<p><iframe src=\"https:\/\/www.ivoox.com\/player_ej_167626590_6_1.html\" width=\"100%\" height=\"200\" frameborder=\"0\" scrolling=\"no\" allowfullscreen=\"allowfullscreen\"><\/iframe><\/p>\n","protected":false},"excerpt":{"rendered":"<p>A trabajar sin descanso para revertir la compleja situaci\u00f3n del pa\u00eds, con la unidad como premisa, llamaron los Plenos Extraordinarios de los Comit\u00e9s Municipales del Partido en Cabaigu\u00e1n y Fomento, que sesionaron este viernes.<\/p>\n","protected":false},"author":135,"featured_media":62457,"comment_status":"open","ping_status":"open","sticky":false,"template":"","format":"standard","meta":{"_acf_changed":false,"footnotes":""},"categories":[16,9,1],"tags":[133,44,630,74,75],"coauthors":[1863,1894],"class_list":["post-62455","post","type-post","status-publish","format-standard","has-post-thumbnail","hentry","category-economia","category-en-audio","category-sancti-spiritus","tag-cabaiguan","tag-deivy-perez-martin","tag-fomento","tag-partido-comunista-de-cuba","tag-pcc"],"acf":[],"_links":{"self":[{"href":"https:\/\/www.radiosanctispiritus.cu\/es\/wp-json\/wp\/v2\/posts\/62455","targetHints":{"allow":["GET"]}}],"collection":[{"href":"https:\/\/www.radiosanctispiritus.cu\/es\/wp-json\/wp\/v2\/posts"}],"about":[{"href":"https:\/\/www.radiosanctispiritus.cu\/es\/wp-json\/wp\/v2\/types\/post"}],"author":[{"embeddable":true,"href":"https:\/\/www.radiosanctispiritus.cu\/es\/wp-json\/wp\/v2\/users\/135"}],"replies":[{"embeddable":true,"href":"https:\/\/www.radiosanctispiritus.cu\/es\/wp-json\/wp\/v2\/comments?post=62455"}],"version-history":[{"count":2,"href":"https:\/\/www.radiosanctispiritus.cu\/es\/wp-json\/wp\/v2\/posts\/62455\/revisions"}],"predecessor-version":[{"id":62459,"href":"https:\/\/www.radiosanctispiritus.cu\/es\/wp-json\/wp\/v2\/posts\/62455\/revisions\/62459"}],"wp:featuredmedia":[{"embeddable":true,"href":"https:\/\/www.radiosanctispiritus.cu\/es\/wp-json\/wp\/v2\/media\/62457"}],"wp:attachment":[{"href":"https:\/\/www.radiosanctispiritus.cu\/es\/wp-json\/wp\/v2\/media?parent=62455"}],"wp:term":[{"taxonomy":"category","embeddable":true,"href":"https:\/\/www.radiosanctispiritus.cu\/es\/wp-json\/wp\/v2\/categories?post=62455"},{"taxonomy":"post_tag","embeddable":true,"href":"https:\/\/www.radiosanctispiritus.cu\/es\/wp-json\/wp\/v2\/tags?post=62455"},{"taxonomy":"author","embeddable":true,"href":"https:\/\/www.radiosanctispiritus.cu\/es\/wp-json\/wp\/v2\/coauthors?post=62455"}],"curies":[{"name":"wp","href":"https:\/\/api.w.org\/{rel}","templated":true}]}}