{"id":62452,"date":"2026-01-30T20:14:33","date_gmt":"2026-01-31T01:14:33","guid":{"rendered":"https:\/\/www.radiosanctispiritus.cu\/es\/?p=62452"},"modified":"2026-01-30T20:14:33","modified_gmt":"2026-01-31T01:14:33","slug":"vive-sancti-spiritus-dias-de-gran-guateque","status":"publish","type":"post","link":"https:\/\/www.radiosanctispiritus.cu\/es\/vive-sancti-spiritus-dias-de-gran-guateque\/","title":{"rendered":"Vive Sancti Sp\u00edritus d\u00edas de gran guateque"},"content":{"rendered":"<p>Dignificar en lo m\u00e1s alto del altar de nuestra cultura a la d\u00e9cima y el punto cubano es el pretexto perfecto del III Taller Nacional que re\u00fane a exponentes de esas expresiones literarias en Sancti Sp\u00edritus.<\/p>\n<p>La Casa de la Trova Miguel Companioni ha sido testigo de lecturas, contralecturas, presentaciones de texto y composiciones nacidas a fuerza de inspiraci\u00f3n y que nos confirman su arraigo.<\/p>\n<p>\u00abA pesar de todo lo convulso que est\u00e1 el mundo, nosotros mantenemos nuestras ra\u00edces, nuestras convicciones, por encima de todo\u00bb, sostuvo Antonio Alberto Iznaga Morej\u00f3n, el Jilguerito, uno de los invitados de la cita. \u00abUno a veces con m\u00e1s problemas, uno con menos, pero mantenerlas vivas, siempre, en todo momento. Y si se invita a la d\u00e9cima, que es patrimonio inmaterial de la humanidad, mucho m\u00e1s\u00bb.<\/p>\n<p>Esta tercera edici\u00f3n del Taller Nacional de la D\u00e9cima y el Punto Cubano, auspiciado por el Centro de Promoci\u00f3n Literaria Ra\u00fal Ferrer en Sancti Sp\u00edritus, honra a dos grandes artistas del patio, Ra\u00fal Herrera y Gabino Rodr\u00edguez. \u00abVer a Gabino, ver a Virgilio, que no est\u00e1 aqu\u00ed porque est\u00e1 muy enfermito, ya es muy viejito, pero que son gente que hicieron historia. Y Ra\u00fal, qu\u00e9 bueno que todav\u00eda podamos contar con la presencia de Ra\u00fal, que durante muchos a\u00f1os hizo pareja con Luis Mart\u00edn, dos de los grandes exponentes, yo pienso, que han engrandecido a Sancti Sp\u00edritus\u00bb.<\/p>\n<p>Para el domingo, poetas, improvisadores y m\u00fasicos har\u00e1n suyos diferentes escenarios de la urbe del Yayabo. \u00abBueno, yo quiero decirte que a Sancti Sp\u00edritus es un placer venir siempre, porque somos buenos anfitriones en todos los aspectos de la cultura, porque no solamente he venido por la d\u00e9cima, he venido por otros eventos aqu\u00ed, y aqu\u00ed esto es un p\u00fablico muy educado, muy \u00e1vido de la cultura en general\u00bb.<\/p>\n<p><iframe src=\"https:\/\/www.ivoox.com\/player_ej_167627451_6_1.html?c1=7a0d0b\" width=\"100%\" height=\"200\" frameborder=\"0\" scrolling=\"no\" allowfullscreen=\"allowfullscreen\"><\/iframe><\/p>\n","protected":false},"excerpt":{"rendered":"<p>Dignificar en lo m\u00e1s alto del altar de nuestra cultura a la d\u00e9cima y el punto cubano es el pretexto perfecto del III Taller Nacional que re\u00fane a exponentes de esas expresiones literarias en Sancti Sp\u00edritus.<\/p>\n","protected":false},"author":12,"featured_media":62453,"comment_status":"open","ping_status":"open","sticky":false,"template":"","format":"standard","meta":{"_acf_changed":false,"footnotes":""},"categories":[8,6,9,1],"tags":[1161,531,1162],"coauthors":[1864],"class_list":["post-62452","post","type-post","status-publish","format-standard","has-post-thumbnail","hentry","category-noticia","category-cultura","category-en-audio","category-sancti-spiritus","tag-decima","tag-musica","tag-punto-cubano"],"acf":[],"_links":{"self":[{"href":"https:\/\/www.radiosanctispiritus.cu\/es\/wp-json\/wp\/v2\/posts\/62452","targetHints":{"allow":["GET"]}}],"collection":[{"href":"https:\/\/www.radiosanctispiritus.cu\/es\/wp-json\/wp\/v2\/posts"}],"about":[{"href":"https:\/\/www.radiosanctispiritus.cu\/es\/wp-json\/wp\/v2\/types\/post"}],"author":[{"embeddable":true,"href":"https:\/\/www.radiosanctispiritus.cu\/es\/wp-json\/wp\/v2\/users\/12"}],"replies":[{"embeddable":true,"href":"https:\/\/www.radiosanctispiritus.cu\/es\/wp-json\/wp\/v2\/comments?post=62452"}],"version-history":[{"count":1,"href":"https:\/\/www.radiosanctispiritus.cu\/es\/wp-json\/wp\/v2\/posts\/62452\/revisions"}],"predecessor-version":[{"id":62454,"href":"https:\/\/www.radiosanctispiritus.cu\/es\/wp-json\/wp\/v2\/posts\/62452\/revisions\/62454"}],"wp:featuredmedia":[{"embeddable":true,"href":"https:\/\/www.radiosanctispiritus.cu\/es\/wp-json\/wp\/v2\/media\/62453"}],"wp:attachment":[{"href":"https:\/\/www.radiosanctispiritus.cu\/es\/wp-json\/wp\/v2\/media?parent=62452"}],"wp:term":[{"taxonomy":"category","embeddable":true,"href":"https:\/\/www.radiosanctispiritus.cu\/es\/wp-json\/wp\/v2\/categories?post=62452"},{"taxonomy":"post_tag","embeddable":true,"href":"https:\/\/www.radiosanctispiritus.cu\/es\/wp-json\/wp\/v2\/tags?post=62452"},{"taxonomy":"author","embeddable":true,"href":"https:\/\/www.radiosanctispiritus.cu\/es\/wp-json\/wp\/v2\/coauthors?post=62452"}],"curies":[{"name":"wp","href":"https:\/\/api.w.org\/{rel}","templated":true}]}}