{"id":62393,"date":"2026-01-30T05:18:22","date_gmt":"2026-01-30T10:18:22","guid":{"rendered":"https:\/\/www.radiosanctispiritus.cu\/es\/?p=62393"},"modified":"2026-01-30T08:29:54","modified_gmt":"2026-01-30T13:29:54","slug":"pleno-partidista-en-trinidad-insiste-en-el-imperativo-de-trabajar-unidos","status":"publish","type":"post","link":"https:\/\/www.radiosanctispiritus.cu\/es\/pleno-partidista-en-trinidad-insiste-en-el-imperativo-de-trabajar-unidos\/","title":{"rendered":"Plenos partidistas en Trinidad y Taguasco abogan por identificar potencialidades locales"},"content":{"rendered":"<p>A identificar las potencialidades en los escenarios locales que permitan incrementar la producci\u00f3n de alimentos y reactivar servicios esenciales para la poblaci\u00f3n, llam\u00f3 la integrante del Comit\u00e9 Central del Partido y su primera secretaria en la provincia, Deivy P\u00e9rez Mart\u00edn, durante el Pleno Extraordinario del Comit\u00e9 Municipal de esa organizaci\u00f3n pol\u00edtica en Trinidad.<\/p>\n<p>En el informe sobre la implementaci\u00f3n de los acuerdos del XI Pleno del Comit\u00e9 Central del Partido y las proyecciones de trabajo en el 2026, con la gu\u00eda adem\u00e1s del Programa de Gobierno para corregir distorsiones y reimpulsar la econom\u00eda, se abordaron las principales prioridades de un a\u00f1o signado por desaf\u00edos en el \u00e1mbito nacional y una creciente presi\u00f3n econ\u00f3mica y pol\u00edtica por parte del gobierno de Estados Unidos.<\/p>\n<p>En ese contexto, enfatiz\u00f3 P\u00e9rez Mart\u00edn, urge transformar sistemas de trabajo desde las propias estructuras del partido en aras de buscar alternativas para el autoabastecimiento local, incrementar la oferta de productos y servicios, diversificar los rubros exportables, mejorar la actividad tur\u00edstica, incentivar el control popular y lograr una integraci\u00f3n m\u00e1s arm\u00f3nica entre los sectores estatal y no estatal, este \u00faltimo con un peso significativo en la econom\u00eda trinitaria.<\/p>\n<p>En las intervenciones se ratific\u00f3 la necesidad de revertir las deficiencias que hoy afectan el desempe\u00f1o de algunas entidades a partir de iniciativas con recursos end\u00f3genos y proyectos locales a fin de mejorar las producciones f\u00edsicas, eliminar trabas y el burocratismo, as\u00ed como asegurar la vitalidad de los servicios de salud, educaci\u00f3n, la higienizaci\u00f3n de la ciudad, entre otras demandas sociales.<\/p>\n<p><iframe src=\"https:\/\/www.ivoox.com\/player_ej_167576828_6_1.html?c1=7a0d0b\" width=\"100%\" height=\"200\" frameborder=\"0\" scrolling=\"no\" allowfullscreen=\"allowfullscreen\"><\/iframe><\/p>\n<p><strong>Pleno del Comit\u00e9 Municipal tambi\u00e9n sesion\u00f3 en Taguasco<\/strong><\/p>\n<p><img decoding=\"async\" class=\"size-medium wp-image-62409 aligncenter\" src=\"https:\/\/www.radiosanctispiritus.cu\/es\/wp-content\/uploads\/PCC-Plano-Taguasco-600x270.jpg\" alt=\"\" width=\"600\" height=\"270\" srcset=\"https:\/\/www.radiosanctispiritus.cu\/es\/wp-content\/uploads\/PCC-Plano-Taguasco-600x270.jpg 600w, https:\/\/www.radiosanctispiritus.cu\/es\/wp-content\/uploads\/PCC-Plano-Taguasco-768x346.jpg 768w, https:\/\/www.radiosanctispiritus.cu\/es\/wp-content\/uploads\/PCC-Plano-Taguasco.jpg 1000w\" sizes=\"(max-width: 600px) 100vw, 600px\" \/><\/p>\n<p>En la tarde de este jueves se desarroll\u00f3 en Taguasco el Pleno Extraordinario del Comit\u00e9 Municipal del Partido, con el objetivo central de analizar en profundidad el programa de trabajo elaborado para dar cumplimiento a las precisiones trazadas por el XI Pleno del Comit\u00e9 Central.<\/p>\n<p>Durante las intervenciones, se puso de manifiesto la esencia y necesidad de mejorar y perfeccionar la labor partidista. Se destac\u00f3 que, en ese camino, es imprescindible revolucionar las v\u00edas y m\u00e9todos en la preparaci\u00f3n de los cuadros, as\u00ed como fortalecer su firmeza ideol\u00f3gica.<\/p>\n<p>La reuni\u00f3n constituye un espacio para alinear las estrategias locales con las directrices nacionales, asegurando la implementaci\u00f3n efectiva de los lineamientos del Partido.<\/p>\n","protected":false},"excerpt":{"rendered":"<p>A identificar las potencialidades en los escenarios locales que permitan incrementar la producci\u00f3n de alimentos y reactivar servicios esenciales para la poblaci\u00f3n, llam\u00f3 la integrante del Comit\u00e9 Central del Partido y su primera secretaria en la provincia, Deivy P\u00e9rez Mart\u00edn, durante el Pleno Extraordinario del Comit\u00e9 Municipal de esa organizaci\u00f3n pol\u00edtica en Trinidad.<\/p>\n","protected":false},"author":23,"featured_media":62394,"comment_status":"open","ping_status":"open","sticky":false,"template":"","format":"standard","meta":{"_acf_changed":false,"footnotes":""},"categories":[8,9,1],"tags":[44,74,75,54],"coauthors":[1899,1870],"class_list":["post-62393","post","type-post","status-publish","format-standard","has-post-thumbnail","hentry","category-noticia","category-en-audio","category-sancti-spiritus","tag-deivy-perez-martin","tag-partido-comunista-de-cuba","tag-pcc","tag-trinidad-de-cuba"],"acf":[],"_links":{"self":[{"href":"https:\/\/www.radiosanctispiritus.cu\/es\/wp-json\/wp\/v2\/posts\/62393","targetHints":{"allow":["GET"]}}],"collection":[{"href":"https:\/\/www.radiosanctispiritus.cu\/es\/wp-json\/wp\/v2\/posts"}],"about":[{"href":"https:\/\/www.radiosanctispiritus.cu\/es\/wp-json\/wp\/v2\/types\/post"}],"author":[{"embeddable":true,"href":"https:\/\/www.radiosanctispiritus.cu\/es\/wp-json\/wp\/v2\/users\/23"}],"replies":[{"embeddable":true,"href":"https:\/\/www.radiosanctispiritus.cu\/es\/wp-json\/wp\/v2\/comments?post=62393"}],"version-history":[{"count":5,"href":"https:\/\/www.radiosanctispiritus.cu\/es\/wp-json\/wp\/v2\/posts\/62393\/revisions"}],"predecessor-version":[{"id":62411,"href":"https:\/\/www.radiosanctispiritus.cu\/es\/wp-json\/wp\/v2\/posts\/62393\/revisions\/62411"}],"wp:featuredmedia":[{"embeddable":true,"href":"https:\/\/www.radiosanctispiritus.cu\/es\/wp-json\/wp\/v2\/media\/62394"}],"wp:attachment":[{"href":"https:\/\/www.radiosanctispiritus.cu\/es\/wp-json\/wp\/v2\/media?parent=62393"}],"wp:term":[{"taxonomy":"category","embeddable":true,"href":"https:\/\/www.radiosanctispiritus.cu\/es\/wp-json\/wp\/v2\/categories?post=62393"},{"taxonomy":"post_tag","embeddable":true,"href":"https:\/\/www.radiosanctispiritus.cu\/es\/wp-json\/wp\/v2\/tags?post=62393"},{"taxonomy":"author","embeddable":true,"href":"https:\/\/www.radiosanctispiritus.cu\/es\/wp-json\/wp\/v2\/coauthors?post=62393"}],"curies":[{"name":"wp","href":"https:\/\/api.w.org\/{rel}","templated":true}]}}