{"id":62387,"date":"2026-01-29T19:09:40","date_gmt":"2026-01-30T00:09:40","guid":{"rendered":"https:\/\/www.radiosanctispiritus.cu\/es\/?p=62387"},"modified":"2026-01-29T15:28:38","modified_gmt":"2026-01-29T20:28:38","slug":"emprestur-trinidad-recibe-bandera-de-proeza-laboral","status":"publish","type":"post","link":"https:\/\/www.radiosanctispiritus.cu\/es\/emprestur-trinidad-recibe-bandera-de-proeza-laboral\/","title":{"rendered":"EMPRESTUR Trinidad recibe bandera de Proeza Laboral"},"content":{"rendered":"<p>La bandera Proeza Laboral que otorga la Central de Trabajadores de Cuba le fue entregada a la Sucursal EMPRESTUR S.A Trinidad en reconocimiento al aporte solidario de una parte del colectivo a las tareas de recuperaci\u00f3n de las provincias orientales tras el paso del hurac\u00e1n Melissa.<\/p>\n<p>De manos de Yudeisy Vera Mu\u00f1oz, miembro del Secretariado del Comit\u00e9 Provincial de la CTC recibieron el estandarte Oslides Mu\u00f1oz Iznaga , Director de la empresa y Alina Jorge Jorge, Secretaria del Bur\u00f3 Sindical.<\/p>\n<p>\u201cEse galard\u00f3n significa una gran motivaci\u00f3n y a la vez el compromiso de seguir adelante y la concreci\u00f3n de nuevos retos con la participaci\u00f3n de todos los trabajadores para superar as\u00ed las dificultades derivadas del criminal bloqueo impuesto por Estados Unidos con mayor crudeza en los momentos actuales, cuando tenemos que reinventar nuestro modo de hacer y actuar, agradecemos a todos los que contribuyeron para alcanzar el \u00e9xito\u201d.<\/p>\n<p>La ocasi\u00f3n fue propicia tambi\u00e9n para declarar a la Sucursal EMPRESTUR .S.A Trinidad Colectivo 87 Aniversario de la creaci\u00f3n de la Central de Trabajadores de Cuba, los resultados sindicales alcanzados en el 2025 avalan el m\u00e9rito.<\/p>\n<p>Ambos reconocimientos imponen retos m\u00e1s altos, seg\u00fan Oslides Mu\u00f1oz Iznaga , Director de EMPRESTUR S.A Trinidad:<\/p>\n<p>\u201cAspiramos a la proeza de alcanzar la Condici\u00f3n de Colectivo Vanguardia Nacional, es un compromiso porque adem\u00e1s esta es la antesala de los resultados que queremos lograr paulatinamente, tenemos que trabajar duro, unidos con sentido de pertenencia,\u201d precis\u00f3.<\/p>\n<p>El protagonismo de los trabajadores marc\u00f3 el acto de entrega de la bandera Proeza Laboral y Colectivo 87 Aniversario de la CTC al que asistieron tambi\u00e9n dirigentes del Partido, el Gobierno y la Central de Trabajadores de Cuba en la provincia y el municipio, adem\u00e1s una representaci\u00f3n de la Delegaci\u00f3n del MINTUR.<\/p>\n<p>EMPRESTUR S.A Trinidad brinda servicios y productos al sistema del turismo en la provincia en armon\u00eda con el medio ambiente y garantiza un sistema de gesti\u00f3n de calidad integrado, actualmente una parte de sus trabajadores acometen inversiones en el destino tur\u00edstico Varadero.<\/p>\n<p><iframe src=\"https:\/\/www.ivoox.com\/player_ej_167572434_6_1.html?c1=7a0d0b\" width=\"100%\" height=\"200\" frameborder=\"0\" scrolling=\"no\" allowfullscreen=\"allowfullscreen\"><\/iframe><\/p>\n","protected":false},"excerpt":{"rendered":"<p>La bandera Proeza Laboral que otorga la Central de Trabajadores de Cuba le fue entregada a la Sucursal EMPRESTUR S.A Trinidad en reconocimiento al aporte solidario de una parte del colectivo a las tareas de recuperaci\u00f3n de las provincias orientales tras el paso del hurac\u00e1n Melissa.<\/p>\n","protected":false},"author":145,"featured_media":62388,"comment_status":"open","ping_status":"open","sticky":false,"template":"","format":"standard","meta":{"_acf_changed":false,"footnotes":""},"categories":[8,16,9,1,1170],"tags":[408,2164,54,23],"coauthors":[1886],"class_list":["post-62387","post","type-post","status-publish","format-standard","has-post-thumbnail","hentry","category-noticia","category-economia","category-en-audio","category-sancti-spiritus","category-turismo","tag-ctc","tag-proeza-laboral","tag-trinidad-de-cuba","tag-turismo"],"acf":[],"_links":{"self":[{"href":"https:\/\/www.radiosanctispiritus.cu\/es\/wp-json\/wp\/v2\/posts\/62387","targetHints":{"allow":["GET"]}}],"collection":[{"href":"https:\/\/www.radiosanctispiritus.cu\/es\/wp-json\/wp\/v2\/posts"}],"about":[{"href":"https:\/\/www.radiosanctispiritus.cu\/es\/wp-json\/wp\/v2\/types\/post"}],"author":[{"embeddable":true,"href":"https:\/\/www.radiosanctispiritus.cu\/es\/wp-json\/wp\/v2\/users\/145"}],"replies":[{"embeddable":true,"href":"https:\/\/www.radiosanctispiritus.cu\/es\/wp-json\/wp\/v2\/comments?post=62387"}],"version-history":[{"count":2,"href":"https:\/\/www.radiosanctispiritus.cu\/es\/wp-json\/wp\/v2\/posts\/62387\/revisions"}],"predecessor-version":[{"id":62391,"href":"https:\/\/www.radiosanctispiritus.cu\/es\/wp-json\/wp\/v2\/posts\/62387\/revisions\/62391"}],"wp:featuredmedia":[{"embeddable":true,"href":"https:\/\/www.radiosanctispiritus.cu\/es\/wp-json\/wp\/v2\/media\/62388"}],"wp:attachment":[{"href":"https:\/\/www.radiosanctispiritus.cu\/es\/wp-json\/wp\/v2\/media?parent=62387"}],"wp:term":[{"taxonomy":"category","embeddable":true,"href":"https:\/\/www.radiosanctispiritus.cu\/es\/wp-json\/wp\/v2\/categories?post=62387"},{"taxonomy":"post_tag","embeddable":true,"href":"https:\/\/www.radiosanctispiritus.cu\/es\/wp-json\/wp\/v2\/tags?post=62387"},{"taxonomy":"author","embeddable":true,"href":"https:\/\/www.radiosanctispiritus.cu\/es\/wp-json\/wp\/v2\/coauthors?post=62387"}],"curies":[{"name":"wp","href":"https:\/\/api.w.org\/{rel}","templated":true}]}}