{"id":62354,"date":"2026-01-28T23:58:39","date_gmt":"2026-01-29T04:58:39","guid":{"rendered":"https:\/\/www.radiosanctispiritus.cu\/es\/?p=62354"},"modified":"2026-01-28T23:58:39","modified_gmt":"2026-01-29T04:58:39","slug":"claudia-sheinbaum-la-ayuda-humanitaria-a-cuba-continua","status":"publish","type":"post","link":"https:\/\/www.radiosanctispiritus.cu\/es\/claudia-sheinbaum-la-ayuda-humanitaria-a-cuba-continua\/","title":{"rendered":"Claudia Sheinbaum: La ayuda humanitaria a Cuba contin\u00faa"},"content":{"rendered":"<p>La presidenta de M\u00e9xico, Claudia Sheinbaum, afirm\u00f3 este mi\u00e9rcoles que su pa\u00eds contin\u00faa con la ayuda humanitaria a Cuba, asediada por el bloqueo econ\u00f3mico, comercial y financiero de Estados Unidos desde hace m\u00e1s de seis d\u00e9cadas.<\/p>\n<p>\u201cLa ayuda humanitaria a Cuba, como a otros pa\u00edses, contin\u00faa, porque es ayuda humanitaria y M\u00e9xico siempre ha sido solidario con todo el mundo. Y son decisiones soberanas\u201d, asever\u00f3 la jefa del Ejecutivo durante su habitual conferencia de prensa.<\/p>\n<p>Sheinbaum aludi\u00f3 a las dos v\u00edas por las cuales se entrega petr\u00f3leo a la mayor de las Antillas: una de ellas resulta la ayuda humanitaria y la otra a trav\u00e9s de contratos que establece Petr\u00f3leos Mexicanos (Pemex) con alguna instituci\u00f3n del Gobierno cubano.<\/p>\n<p>\u201cPor eso digo que es una decisi\u00f3n soberana de M\u00e9xico el enviar ayuda humanitaria y con Pemex, en t\u00e9rminos del contrato, cu\u00e1ndo env\u00eda. Yo nunca habl\u00e9 de si se hab\u00eda suspendido (o) no se hab\u00eda suspendido (el env\u00edo a la isla)\u201d, aclar\u00f3 la mandataria.<\/p>\n<p>Agreg\u00f3 que \u201cesa fue una interpretaci\u00f3n posterior a partir de una nota que sali\u00f3 en un peri\u00f3dico\u201d.<\/p>\n<p>De acuerdo con los m\u00e1s recientes datos, el cerco de Washington contra Cuba caus\u00f3 perjuicios estimados en siete mil 556,1 millones de d\u00f3lares entre marzo de 2024 y febrero \u00faltimo, un incremento del 49 por ciento frente al lapso anterior.<\/p>\n<p>Solo en el sector de la salud esa pol\u00edtica dej\u00f3 p\u00e9rdidas de casi 300 millones de d\u00f3lares en un a\u00f1o, mientras el impacto en el \u00e1mbito energ\u00e9tico super\u00f3 los 496 millones debido a las restricciones para importar combustibles y piezas de repuesto.<\/p>\n<p>El pasado 29 de octubre, Cuba logr\u00f3 una nueva victoria en la Asamblea General de la Organizaci\u00f3n de Naciones Unidas al obtener 165 votos a favor de la resoluci\u00f3n que pide el fin del bloqueo.<\/p>\n","protected":false},"excerpt":{"rendered":"<p>La presidenta de M\u00e9xico, Claudia Sheinbaum, afirm\u00f3 este mi\u00e9rcoles que su pa\u00eds contin\u00faa con la ayuda humanitaria a Cuba, asediada por el bloqueo econ\u00f3mico, comercial y financiero de Estados Unidos desde hace m\u00e1s de seis d\u00e9cadas.<\/p>\n","protected":false},"author":22,"featured_media":62355,"comment_status":"open","ping_status":"open","sticky":false,"template":"","format":"standard","meta":{"_acf_changed":false,"footnotes":""},"categories":[8,3,4],"tags":[48,1316,62],"coauthors":[1882],"class_list":["post-62354","post","type-post","status-publish","format-standard","has-post-thumbnail","hentry","category-noticia","category-cuba","category-internacionales","tag-bloqueo-contra-cuba","tag-claudia-sheinbaum","tag-cuba-mexico"],"acf":[],"_links":{"self":[{"href":"https:\/\/www.radiosanctispiritus.cu\/es\/wp-json\/wp\/v2\/posts\/62354","targetHints":{"allow":["GET"]}}],"collection":[{"href":"https:\/\/www.radiosanctispiritus.cu\/es\/wp-json\/wp\/v2\/posts"}],"about":[{"href":"https:\/\/www.radiosanctispiritus.cu\/es\/wp-json\/wp\/v2\/types\/post"}],"author":[{"embeddable":true,"href":"https:\/\/www.radiosanctispiritus.cu\/es\/wp-json\/wp\/v2\/users\/22"}],"replies":[{"embeddable":true,"href":"https:\/\/www.radiosanctispiritus.cu\/es\/wp-json\/wp\/v2\/comments?post=62354"}],"version-history":[{"count":1,"href":"https:\/\/www.radiosanctispiritus.cu\/es\/wp-json\/wp\/v2\/posts\/62354\/revisions"}],"predecessor-version":[{"id":62356,"href":"https:\/\/www.radiosanctispiritus.cu\/es\/wp-json\/wp\/v2\/posts\/62354\/revisions\/62356"}],"wp:featuredmedia":[{"embeddable":true,"href":"https:\/\/www.radiosanctispiritus.cu\/es\/wp-json\/wp\/v2\/media\/62355"}],"wp:attachment":[{"href":"https:\/\/www.radiosanctispiritus.cu\/es\/wp-json\/wp\/v2\/media?parent=62354"}],"wp:term":[{"taxonomy":"category","embeddable":true,"href":"https:\/\/www.radiosanctispiritus.cu\/es\/wp-json\/wp\/v2\/categories?post=62354"},{"taxonomy":"post_tag","embeddable":true,"href":"https:\/\/www.radiosanctispiritus.cu\/es\/wp-json\/wp\/v2\/tags?post=62354"},{"taxonomy":"author","embeddable":true,"href":"https:\/\/www.radiosanctispiritus.cu\/es\/wp-json\/wp\/v2\/coauthors?post=62354"}],"curies":[{"name":"wp","href":"https:\/\/api.w.org\/{rel}","templated":true}]}}