{"id":62337,"date":"2026-01-28T22:20:41","date_gmt":"2026-01-29T03:20:41","guid":{"rendered":"https:\/\/www.radiosanctispiritus.cu\/es\/?p=62337"},"modified":"2026-01-28T22:21:38","modified_gmt":"2026-01-29T03:21:38","slug":"analizan-importantes-aspectos-de-la-vida-politica-economica-y-social-de-jatibonico","status":"publish","type":"post","link":"https:\/\/www.radiosanctispiritus.cu\/es\/analizan-importantes-aspectos-de-la-vida-politica-economica-y-social-de-jatibonico\/","title":{"rendered":"Analizan importantes aspectos de la vida pol\u00edtica, econ\u00f3mica y social de Jatibonico"},"content":{"rendered":"<p>Con la presencia de la integrante del Comit\u00e9 Central y Primera Secretaria del Partido en la provincia, Deivy P\u00e9rez Mart\u00edn, se efectu\u00f3 el Pleno del Comit\u00e9 Municipal del Partido en Jatibonico, en el que se analizaron importantes aspectos de la vida pol\u00edtica, econ\u00f3mica y social del territorio.<\/p>\n<p>En esta oportunidad, se analiz\u00f3 el informe sobre la implementaci\u00f3n de los acuerdos del XI Pleno del Comit\u00e9 Central del PCC y las predicciones de trabajo de esta organizaci\u00f3n en el 2026.<\/p>\n<p><img decoding=\"async\" class=\"size-medium wp-image-62344 aligncenter\" src=\"https:\/\/www.radiosanctispiritus.cu\/es\/wp-content\/uploads\/PCC-Pleno-Jatibonico-2-600x450.jpg\" alt=\"\" width=\"600\" height=\"450\" srcset=\"https:\/\/www.radiosanctispiritus.cu\/es\/wp-content\/uploads\/PCC-Pleno-Jatibonico-2-600x450.jpg 600w, https:\/\/www.radiosanctispiritus.cu\/es\/wp-content\/uploads\/PCC-Pleno-Jatibonico-2-1024x768.jpg 1024w, https:\/\/www.radiosanctispiritus.cu\/es\/wp-content\/uploads\/PCC-Pleno-Jatibonico-2-768x576.jpg 768w, https:\/\/www.radiosanctispiritus.cu\/es\/wp-content\/uploads\/PCC-Pleno-Jatibonico-2-1536x1152.jpg 1536w, https:\/\/www.radiosanctispiritus.cu\/es\/wp-content\/uploads\/PCC-Pleno-Jatibonico-2.jpg 1632w\" sizes=\"(max-width: 600px) 100vw, 600px\" \/><\/p>\n<p>Se hizo \u00e9nfasis en el completamiento de la plantilla de cuadros y sus reservas. De igual manera, se puntualiz\u00f3 en c\u00f3mo hoy hay que incrementar la militancia a las filas del Partido. Puntualiz\u00f3 en que hay que cambiar la mentalidad en cada lugar, buscar alternativas para el autoabastecimiento local con recursos end\u00f3genos, sobre todo incentivar la producci\u00f3n de alimentos, e incorporar a centros y entidades en el uso de la energ\u00eda fotovoltaica y estos a su vez podr\u00e1n tributarla al Sistema El\u00e9ctrico Nacional.<\/p>\n<p>Un elemento esencial que hay que tener en cada lugar es la unidad, trabajar en equipo y colectividades, hacer que hayan decisiones acertadas para dar una mayor soluci\u00f3n a los problemas.<\/p>\n<p><iframe src=\"https:\/\/www.ivoox.com\/player_ej_167525372_6_1.html?c1=7a0d0b\" width=\"100%\" height=\"200\" frameborder=\"0\" scrolling=\"no\" allowfullscreen=\"allowfullscreen\"><\/iframe><\/p>\n","protected":false},"excerpt":{"rendered":"<p>Con la presencia de la integrante del Comit\u00e9 Central y Primera Secretaria del Partido en la provincia, Deivy P\u00e9rez Mart\u00edn, se efectu\u00f3 el Pleno del Comit\u00e9 Municipal del Partido en Jatibonico, en el que se analizaron importantes aspectos de la vida pol\u00edtica, econ\u00f3mica y social del territorio.<\/p>\n","protected":false},"author":132,"featured_media":62343,"comment_status":"open","ping_status":"open","sticky":false,"template":"","format":"standard","meta":{"_acf_changed":false,"footnotes":""},"categories":[8,9,1],"tags":[44,172,74,75],"coauthors":[1876],"class_list":["post-62337","post","type-post","status-publish","format-standard","has-post-thumbnail","hentry","category-noticia","category-en-audio","category-sancti-spiritus","tag-deivy-perez-martin","tag-jatibonico","tag-partido-comunista-de-cuba","tag-pcc"],"acf":[],"_links":{"self":[{"href":"https:\/\/www.radiosanctispiritus.cu\/es\/wp-json\/wp\/v2\/posts\/62337","targetHints":{"allow":["GET"]}}],"collection":[{"href":"https:\/\/www.radiosanctispiritus.cu\/es\/wp-json\/wp\/v2\/posts"}],"about":[{"href":"https:\/\/www.radiosanctispiritus.cu\/es\/wp-json\/wp\/v2\/types\/post"}],"author":[{"embeddable":true,"href":"https:\/\/www.radiosanctispiritus.cu\/es\/wp-json\/wp\/v2\/users\/132"}],"replies":[{"embeddable":true,"href":"https:\/\/www.radiosanctispiritus.cu\/es\/wp-json\/wp\/v2\/comments?post=62337"}],"version-history":[{"count":2,"href":"https:\/\/www.radiosanctispiritus.cu\/es\/wp-json\/wp\/v2\/posts\/62337\/revisions"}],"predecessor-version":[{"id":62346,"href":"https:\/\/www.radiosanctispiritus.cu\/es\/wp-json\/wp\/v2\/posts\/62337\/revisions\/62346"}],"wp:featuredmedia":[{"embeddable":true,"href":"https:\/\/www.radiosanctispiritus.cu\/es\/wp-json\/wp\/v2\/media\/62343"}],"wp:attachment":[{"href":"https:\/\/www.radiosanctispiritus.cu\/es\/wp-json\/wp\/v2\/media?parent=62337"}],"wp:term":[{"taxonomy":"category","embeddable":true,"href":"https:\/\/www.radiosanctispiritus.cu\/es\/wp-json\/wp\/v2\/categories?post=62337"},{"taxonomy":"post_tag","embeddable":true,"href":"https:\/\/www.radiosanctispiritus.cu\/es\/wp-json\/wp\/v2\/tags?post=62337"},{"taxonomy":"author","embeddable":true,"href":"https:\/\/www.radiosanctispiritus.cu\/es\/wp-json\/wp\/v2\/coauthors?post=62337"}],"curies":[{"name":"wp","href":"https:\/\/api.w.org\/{rel}","templated":true}]}}