{"id":62317,"date":"2026-01-29T05:31:29","date_gmt":"2026-01-29T10:31:29","guid":{"rendered":"https:\/\/www.radiosanctispiritus.cu\/es\/?p=62317"},"modified":"2026-01-28T22:31:28","modified_gmt":"2026-01-29T03:31:28","slug":"la-energia-del-sol-en-manos-jovenes","status":"publish","type":"post","link":"https:\/\/www.radiosanctispiritus.cu\/es\/la-energia-del-sol-en-manos-jovenes\/","title":{"rendered":"La energ\u00eda del sol en manos j\u00f3venes"},"content":{"rendered":"<p>Cuando el sol comienza a ganar altura sobre los paisajes espirituanos, no hay aplausos ni discursos. Apenas un zumbido casi imperceptible, pantallas que despiertan y n\u00fameros que empiezan a crecer.<\/p>\n<p>A esa hora, j\u00f3venes como Pablo Beltr\u00e1n Valdivia y Alexis OlivaTamayo ya est\u00e1n en sus puestos, vigilando que la energ\u00eda del d\u00eda fluya sin tropiezos hacia el Sistema El\u00e9ctrico Nacional (SEN).<\/p>\n<p>En Tuninuc\u00fa, donde la tierra fue removida palmo a palmo y hoy se extiende un mar de paneles fotovoltaicos, se escribe \u2014como en decenas de instalaciones similares\u2014 una de las p\u00e1ginas m\u00e1s decisivas del presente energ\u00e9tico cubano.<\/p>\n<h3>DONDE EL SOL SE CONVIERTE EN MEGAWATTS<\/h3>\n<div id=\"attachment_62322\" style=\"width: 610px\" class=\"wp-caption aligncenter\"><img decoding=\"async\" aria-describedby=\"caption-attachment-62322\" class=\"size-medium wp-image-62322\" src=\"https:\/\/www.radiosanctispiritus.cu\/es\/wp-content\/uploads\/El-Parque-Solar-fotovoltaico-Tuninucu-600x276.jpg\" alt=\"El Parque Solar fotovoltaico Tuninuc\u00fa fue el segundo de la provincia de Sancti Sp\u00edritus con capacidad generadora de 21,8 megawatts (MW) en sincronizar al SEN. Foto Yosdany Morej\u00f3n\" width=\"600\" height=\"276\" srcset=\"https:\/\/www.radiosanctispiritus.cu\/es\/wp-content\/uploads\/El-Parque-Solar-fotovoltaico-Tuninucu-600x276.jpg 600w, https:\/\/www.radiosanctispiritus.cu\/es\/wp-content\/uploads\/El-Parque-Solar-fotovoltaico-Tuninucu-1024x471.jpg 1024w, https:\/\/www.radiosanctispiritus.cu\/es\/wp-content\/uploads\/El-Parque-Solar-fotovoltaico-Tuninucu-768x353.jpg 768w, https:\/\/www.radiosanctispiritus.cu\/es\/wp-content\/uploads\/El-Parque-Solar-fotovoltaico-Tuninucu-1536x707.jpg 1536w, https:\/\/www.radiosanctispiritus.cu\/es\/wp-content\/uploads\/El-Parque-Solar-fotovoltaico-Tuninucu-2048x942.jpg 2048w\" sizes=\"(max-width: 600px) 100vw, 600px\" \/><p id=\"caption-attachment-62322\" class=\"wp-caption-text\">El Parque Solar fotovoltaico Tuninuc\u00fa fue el segundo de la provincia de Sancti Sp\u00edritus con capacidad generadora de 21,8 megawatts (MW) en sincronizar al SEN. Foto Yosdany Morej\u00f3n<\/p><\/div>\n<p>El Parque Solar fotovoltaico de Tuninuc\u00fa fue el segundo de la provincia de Sancti Sp\u00edritus con capacidad generadora de 21,8 megawatts (MW) en sincronizar al SEN. Desde lejos, la instalaci\u00f3n parece un campo geom\u00e9trico que se pierde en el horizonte; de cerca, es una maquinaria precisa que combina automatizaci\u00f3n y supervisi\u00f3n humana.<\/p>\n<p>La planta est\u00e1 conformada por 1 638 cadenas (strings) de 26 paneles cada una, para un total de 42 588 paneles fotovoltaicos. Toda esa energ\u00eda es procesada por siete inversores de 3 125 Watts, capaces de trabajar hasta 1 500 volts, apoyados en cajas concentradoras distribuidas a lo largo del parque.<\/p>\n<p>Cuando la radiaci\u00f3n alcanza niveles \u00f3ptimos \u2014generalmente a partir de las sietede la ma\u00f1ana\u2014 la instalaci\u00f3n comienza a generar alrededor de un megawatt. A medida que el sol asciende, la potencia aumenta hasta rozar, al mediod\u00eda, los 18, 20 o, incluso, los 21 MW.<\/p>\n<h3>PABLO: VOCACI\u00d3N POR LA CORRIENTE<\/h3>\n<p>Pablo habla sin solemnidad, como quien domina su oficio desde la pr\u00e1ctica diaria. Antes trabajaba en Comunales como electricista; hoy permanece, turno tras turno, dentro de la sala de control del parque.<\/p>\n<p>\u201cSiempre me gust\u00f3 la corriente \u2014dice\u2014. Cuando vi esta oportunidad, supe que era una mejor\u00eda salarial y no dud\u00e9\u201d.<\/p>\n<p>Su jornada no se mide por horas, sino por ciclos: 24 horas de trabajo y 72 de descanso. El parque nunca queda solo. Un operador permanece en sala; otros vigilan desde la garita y dos recorren el extenso per\u00edmetro \u2014m\u00e1s de dos kil\u00f3metros\u2014 para detectar cualquier anomal\u00eda en paneles, cercas o cajas concentradoras.<\/p>\n<p>\u201cSi hay un fallo, el sistema lo avisa \u2014explica\u2014. Pero igual hay que ir al terreno, revisar la caja, el string, ver qu\u00e9 pas\u00f3. La computadora te ayuda, pero el ojo humano sigue siendo clave\u201d.<\/p>\n<h3>UN PARQUE QUE CASI SE GOBIERNA SOLO<\/h3>\n<div id=\"attachment_62323\" style=\"width: 610px\" class=\"wp-caption aligncenter\"><img decoding=\"async\" aria-describedby=\"caption-attachment-62323\" class=\"size-medium wp-image-62323\" src=\"https:\/\/www.radiosanctispiritus.cu\/es\/wp-content\/uploads\/parques-solares-modernos-600x276.jpg\" alt=\"A diferencia de las termoel\u00e9ctricas tradicionales, los parques solares modernos funcionan con un alto grado de automatizaci\u00f3n. Foto Yosdany Morej\u00f3n\" width=\"600\" height=\"276\" srcset=\"https:\/\/www.radiosanctispiritus.cu\/es\/wp-content\/uploads\/parques-solares-modernos-600x276.jpg 600w, https:\/\/www.radiosanctispiritus.cu\/es\/wp-content\/uploads\/parques-solares-modernos-1024x471.jpg 1024w, https:\/\/www.radiosanctispiritus.cu\/es\/wp-content\/uploads\/parques-solares-modernos-768x353.jpg 768w, https:\/\/www.radiosanctispiritus.cu\/es\/wp-content\/uploads\/parques-solares-modernos-1536x707.jpg 1536w, https:\/\/www.radiosanctispiritus.cu\/es\/wp-content\/uploads\/parques-solares-modernos-2048x942.jpg 2048w\" sizes=\"(max-width: 600px) 100vw, 600px\" \/><p id=\"caption-attachment-62323\" class=\"wp-caption-text\">A diferencia de las termoel\u00e9ctricas tradicionales, los parques solares modernos funcionan con un alto grado de automatizaci\u00f3n. Foto Yosdany Morej\u00f3n<\/p><\/div>\n<p>A diferencia de las termoel\u00e9ctricas tradicionales, los parques solares modernos funcionan con un alto grado de automatizaci\u00f3n. El sistema instalado permite monitorear en tiempo real la generaci\u00f3n, el estado de los inversores, las l\u00edneas de salida y cada una de las cajas concentradoras del parque.<\/p>\n<p>\u201cEsto es autom\u00e1tico \u2014resume Alexis Oliva Tamayo, jefe de grupo de los operadores (33 a\u00f1os)\u2014. Si los par\u00e1metros est\u00e1n normales y las l\u00edneas estables, el parque trabaja solo\u201d.<\/p>\n<p>Alexis lleg\u00f3 al proyecto tras una convocatoria en redes sociales. Comenz\u00f3 como custodio, luego vinieron los cursos de operador, la experiencia acumulada y, finalmente, la responsabilidad de coordinar al resto del turno. \u201cEstamos aqu\u00ed desde que se abri\u00f3 el primer hueco en la tierra \u2014recuerda\u2014. El parque lo vimos nacer\u201d.<\/p>\n<h3>CAMINAR EL PARQUE<\/h3>\n<p>Automatizado no significa desatendido. Cada ma\u00f1ana y cada tarde, alguien debe recorrer el parque para revisar cercado perimetral, alumbrado, paneles y cajas concentradoras. A ello se suman chequeos permanentes desde el sistema inform\u00e1tico.<\/p>\n<p>\u201cSi un string entra en falla, el operador te llama \u2014cuenta Alexis\u2014. Te dice, por ejemplo, que la caja cinco del inversor siete tiene el string 17 en falla. Entonces hay que ir, mirar, tocar, confirmar\u201d.<\/p>\n<p>Ese recorrido cotidiano, bajo el sol o el viento, sostiene la confiabilidad de una instalaci\u00f3n que entrega energ\u00eda limpia al pa\u00eds en uno de sus momentos m\u00e1s complejos.<\/p>\n<h3>ENERG\u00cdA SOLAR EN EL CONTEXTO CUBANO<\/h3>\n<p>La puesta en marcha de parques solares de m\u00e1s de 21 MW responde a una estrategia nacional para diversificar la matriz energ\u00e9tica y reducir la dependencia de combustibles f\u00f3siles importados. En un escenario marcado por el d\u00e9ficit de generaci\u00f3n, la obsolescencia tecnol\u00f3gica y las limitaciones financieras, cada megawatt renovable cuenta.<\/p>\n<p>La energ\u00eda solar no sustituye de inmediato las fuentes tradicionales, pero alivia picos de demanda diurna, ahorra combustible y reduce emisiones contaminantes. Su despliegue escalonado en varias provincias aporta, adem\u00e1s, mayor resiliencia al sistema el\u00e9ctrico.<\/p>\n<p>Tuninuc\u00fa no es solo una obra de ingenier\u00eda: es una se\u00f1al de hacia d\u00f3nde mira el pa\u00eds.<\/p>\n<h3>AL FRENTE DE LA TRANSICI\u00d3N ENERG\u00c9TICA<\/h3>\n<p><img decoding=\"async\" class=\"size-medium wp-image-62324 aligncenter\" src=\"https:\/\/www.radiosanctispiritus.cu\/es\/wp-content\/uploads\/operadores-de-los-parques-solares-600x276.jpg\" alt=\"\" width=\"600\" height=\"276\" srcset=\"https:\/\/www.radiosanctispiritus.cu\/es\/wp-content\/uploads\/operadores-de-los-parques-solares-600x276.jpg 600w, https:\/\/www.radiosanctispiritus.cu\/es\/wp-content\/uploads\/operadores-de-los-parques-solares-1024x471.jpg 1024w, https:\/\/www.radiosanctispiritus.cu\/es\/wp-content\/uploads\/operadores-de-los-parques-solares-768x353.jpg 768w, https:\/\/www.radiosanctispiritus.cu\/es\/wp-content\/uploads\/operadores-de-los-parques-solares-1536x707.jpg 1536w, https:\/\/www.radiosanctispiritus.cu\/es\/wp-content\/uploads\/operadores-de-los-parques-solares-2048x942.jpg 2048w\" sizes=\"(max-width: 600px) 100vw, 600px\" \/><\/p>\n<p>La edad promedio de los operadores sorprende. Muchos no superan los 30 a\u00f1os. Son t\u00e9cnicos, electricistas o custodios reconvertidos en especialistas de alta tecnolog\u00eda. Aprendieron a leer gr\u00e1ficos, interpretar alarmas, dialogar con el despacho de carga y tomar decisiones en segundos.<\/p>\n<p>\u201cDirigir el parque no es dif\u00edcil si sabes lo que est\u00e1s haciendo \u2014afirma Alexis\u2014. El despacho te orienta cuando hay que liberar una l\u00ednea o hacer mantenimiento. T\u00fa ejecutas y sigues trabajando por la otra\u201d.<\/p>\n<p>Cuando se les pregunta por la experiencia, ambos coinciden en la satisfacci\u00f3n. Hay estabilidad econ\u00f3mica, s\u00ed, pero tambi\u00e9n orgullo profesional. \u201cMe gusta trabajar aqu\u00ed\u201d, dice Pablo. \u201cEl colectivo es bueno y hay que echar para alante. Este es un trabajo que tiene futuro\u201d, resume Alexis.<\/p>\n<h3>CUANDO EL SOL CAE<\/h3>\n<p>Al caer la tarde, la generaci\u00f3n disminuye. El parque entra en una quietud programada, aunque la vigilancia nunca cesa. Las pantallas permanecen encendidas, los turnos se relevan y el silencio vuelve a imponerse sobre el campo de paneles.<\/p>\n<p>Ma\u00f1ana, si la radiaci\u00f3n acompa\u00f1a, el ciclo volver\u00e1 a empezar. Nadie aqu\u00ed habla de soluciones definitivas ni de milagros energ\u00e9ticos. Saben que un parque solar no borra de golpe los apagones ni resuelve, por s\u00ed solo, un desgaste acumulado durante a\u00f1os.<\/p>\n<p>Pero cada megawatt entregado es un alivio posible, una parte del problema que deja de depender del combustible que no llega o de la m\u00e1quina que falla. Bajo este sol \u2014a veces generoso, a veces esquivo\u2014 sostienen una pieza del Sistema El\u00e9ctrico Nacional. No prometen luz permanente, pero garantizan que, cuando el sol est\u00e9, no se desperdicie. Y en la Cuba actual esa constancia ya dice mucho.<\/p>\n","protected":false},"excerpt":{"rendered":"<p>Operadores del Parque Solar Fotovoltaico Tuninuc\u00fa, en Sancti Sp\u00edritus, monitorean en tiempo real la generaci\u00f3n el\u00e9ctrica de una instalaci\u00f3n que aporta energ\u00eda limpia al Sistema El\u00e9ctrico Nacional, en medio de uno de los escenarios m\u00e1s complejos del pa\u00eds<\/p>\n","protected":false},"author":29,"featured_media":62325,"comment_status":"open","ping_status":"open","sticky":false,"template":"","format":"standard","meta":{"_acf_changed":false,"footnotes":""},"categories":[16,8,1],"tags":[35,673,1327,541],"coauthors":[1856],"class_list":["post-62317","post","type-post","status-publish","format-standard","has-post-thumbnail","hentry","category-economia","category-noticia","category-sancti-spiritus","tag-apagones","tag-energia-renovable","tag-parque-fotovoltaico","tag-sistema-electroenergetico-nacional"],"acf":[],"_links":{"self":[{"href":"https:\/\/www.radiosanctispiritus.cu\/es\/wp-json\/wp\/v2\/posts\/62317","targetHints":{"allow":["GET"]}}],"collection":[{"href":"https:\/\/www.radiosanctispiritus.cu\/es\/wp-json\/wp\/v2\/posts"}],"about":[{"href":"https:\/\/www.radiosanctispiritus.cu\/es\/wp-json\/wp\/v2\/types\/post"}],"author":[{"embeddable":true,"href":"https:\/\/www.radiosanctispiritus.cu\/es\/wp-json\/wp\/v2\/users\/29"}],"replies":[{"embeddable":true,"href":"https:\/\/www.radiosanctispiritus.cu\/es\/wp-json\/wp\/v2\/comments?post=62317"}],"version-history":[{"count":5,"href":"https:\/\/www.radiosanctispiritus.cu\/es\/wp-json\/wp\/v2\/posts\/62317\/revisions"}],"predecessor-version":[{"id":62348,"href":"https:\/\/www.radiosanctispiritus.cu\/es\/wp-json\/wp\/v2\/posts\/62317\/revisions\/62348"}],"wp:featuredmedia":[{"embeddable":true,"href":"https:\/\/www.radiosanctispiritus.cu\/es\/wp-json\/wp\/v2\/media\/62325"}],"wp:attachment":[{"href":"https:\/\/www.radiosanctispiritus.cu\/es\/wp-json\/wp\/v2\/media?parent=62317"}],"wp:term":[{"taxonomy":"category","embeddable":true,"href":"https:\/\/www.radiosanctispiritus.cu\/es\/wp-json\/wp\/v2\/categories?post=62317"},{"taxonomy":"post_tag","embeddable":true,"href":"https:\/\/www.radiosanctispiritus.cu\/es\/wp-json\/wp\/v2\/tags?post=62317"},{"taxonomy":"author","embeddable":true,"href":"https:\/\/www.radiosanctispiritus.cu\/es\/wp-json\/wp\/v2\/coauthors?post=62317"}],"curies":[{"name":"wp","href":"https:\/\/api.w.org\/{rel}","templated":true}]}}