{"id":62284,"date":"2026-01-28T08:55:03","date_gmt":"2026-01-28T13:55:03","guid":{"rendered":"https:\/\/www.radiosanctispiritus.cu\/es\/?p=62284"},"modified":"2026-01-28T08:56:21","modified_gmt":"2026-01-28T13:56:21","slug":"emision-del-miercoles-28-de-enero-de-2026","status":"publish","type":"post","link":"https:\/\/www.radiosanctispiritus.cu\/es\/emision-del-miercoles-28-de-enero-de-2026\/","title":{"rendered":"Emisi\u00f3n del mi\u00e9rcoles, 28 de enero de 2026"},"content":{"rendered":"<p>El Noticiero \u00abUn Paso M\u00e1s\u00bb abri\u00f3 con la cobertura de la emotiva Marcha de las Antorchas que, en la v\u00edspera, ilumin\u00f3 Sancti Sp\u00edritus y todo el pa\u00eds para honrar el 173 aniversario del natalicio de Jos\u00e9 Mart\u00ed y el centenario de Fidel Castro. Las m\u00e1ximas autoridades provinciales encabezaron el desfile, donde los j\u00f3venes reafirmaron el compromiso de continuar el legado de ambas figuras. A nivel nacional, se destac\u00f3 que el Presidente Miguel D\u00edaz-Canel encabez\u00f3 la marcha en La Habana, donde la FEU convoc\u00f3 a un coloquio internacional por el centenario de Fidel y reiter\u00f3 una firme postura antiimperialista.<\/p>\n<p>En otros temas provinciales, se inform\u00f3 sobre el acto por el D\u00eda del Trabajador Ferroviario, el anuncio de un reajuste temporal en la programaci\u00f3n de Radio Sancti Sp\u00edritus debido a la situaci\u00f3n electroenerg\u00e9tica y la pr\u00f3xima celebraci\u00f3n de un Taller de la D\u00e9cima y el Punto Cubano. En la secci\u00f3n internacional Ventana Global, a cargo de Jairo Alberto Pacheco Crespo, se resalt\u00f3 la reafirmaci\u00f3n de los hist\u00f3ricos lazos de cooperaci\u00f3n entre Cuba y Vietnam en una conversaci\u00f3n entre sus m\u00e1ximos dirigentes. El espacio cerr\u00f3 con un informe sobre el complejo inicio de la zafra en el central Melanio Hern\u00e1ndez, que pese a los atrasos muestra se\u00f1ales de recuperaci\u00f3n en su eficiencia industrial y energ\u00e9tica.<\/p>\n<p><iframe src=\"https:\/\/www.ivoox.com\/player_ej_167498821_6_1.html?c1=a30707\" width=\"100%\" height=\"200\" frameborder=\"0\" scrolling=\"no\" allowfullscreen=\"allowfullscreen\"><\/iframe><\/p>\n","protected":false},"excerpt":{"rendered":"<p>El Noticiero \u00abUn Paso M\u00e1s\u00bb abri\u00f3 con la cobertura de la emotiva Marcha de las Antorchas que, en la v\u00edspera, ilumin\u00f3 Sancti Sp\u00edritus y todo el pa\u00eds para honrar el 173 aniversario del natalicio de Jos\u00e9 Mart\u00ed y el centenario de Fidel Castro<\/p>\n","protected":false},"author":4,"featured_media":62285,"comment_status":"open","ping_status":"open","sticky":false,"template":"","format":"audio","meta":{"_acf_changed":false,"footnotes":""},"categories":[10,2163],"tags":[],"coauthors":[1883],"class_list":["post-62284","post","type-post","status-publish","format-audio","has-post-thumbnail","hentry","category-programas-de-radio","category-un-paso-mas","post_format-post-format-audio"],"acf":[],"_links":{"self":[{"href":"https:\/\/www.radiosanctispiritus.cu\/es\/wp-json\/wp\/v2\/posts\/62284","targetHints":{"allow":["GET"]}}],"collection":[{"href":"https:\/\/www.radiosanctispiritus.cu\/es\/wp-json\/wp\/v2\/posts"}],"about":[{"href":"https:\/\/www.radiosanctispiritus.cu\/es\/wp-json\/wp\/v2\/types\/post"}],"author":[{"embeddable":true,"href":"https:\/\/www.radiosanctispiritus.cu\/es\/wp-json\/wp\/v2\/users\/4"}],"replies":[{"embeddable":true,"href":"https:\/\/www.radiosanctispiritus.cu\/es\/wp-json\/wp\/v2\/comments?post=62284"}],"version-history":[{"count":1,"href":"https:\/\/www.radiosanctispiritus.cu\/es\/wp-json\/wp\/v2\/posts\/62284\/revisions"}],"predecessor-version":[{"id":62288,"href":"https:\/\/www.radiosanctispiritus.cu\/es\/wp-json\/wp\/v2\/posts\/62284\/revisions\/62288"}],"wp:featuredmedia":[{"embeddable":true,"href":"https:\/\/www.radiosanctispiritus.cu\/es\/wp-json\/wp\/v2\/media\/62285"}],"wp:attachment":[{"href":"https:\/\/www.radiosanctispiritus.cu\/es\/wp-json\/wp\/v2\/media?parent=62284"}],"wp:term":[{"taxonomy":"category","embeddable":true,"href":"https:\/\/www.radiosanctispiritus.cu\/es\/wp-json\/wp\/v2\/categories?post=62284"},{"taxonomy":"post_tag","embeddable":true,"href":"https:\/\/www.radiosanctispiritus.cu\/es\/wp-json\/wp\/v2\/tags?post=62284"},{"taxonomy":"author","embeddable":true,"href":"https:\/\/www.radiosanctispiritus.cu\/es\/wp-json\/wp\/v2\/coauthors?post=62284"}],"curies":[{"name":"wp","href":"https:\/\/api.w.org\/{rel}","templated":true}]}}