{"id":62264,"date":"2026-01-27T22:16:50","date_gmt":"2026-01-28T03:16:50","guid":{"rendered":"https:\/\/www.radiosanctispiritus.cu\/es\/?p=62264"},"modified":"2026-01-28T14:08:56","modified_gmt":"2026-01-28T19:08:56","slug":"antorchas-calentaron-la-marcha-martiana-en-sancti-spiritus","status":"publish","type":"post","link":"https:\/\/www.radiosanctispiritus.cu\/es\/antorchas-calentaron-la-marcha-martiana-en-sancti-spiritus\/","title":{"rendered":"Antorchas calentaron marcha por Mart\u00ed y Fidel en Sancti Sp\u00edritus (+ post)"},"content":{"rendered":"<p>Como cada enero, Sancti Sp\u00edritus antecedi\u00f3 el aniversario del natalicio de Jos\u00e9 Mart\u00ed con una Marcha de las Antorchas que en el a\u00f1o del centenario del Comandante en Jefe Fidel Castro reafirm\u00f3 la fuerza de un pueblo que no se rinde pese al incremento de la hostilidad imperial.<\/p>\n<p>Las llamas no solo iluminaron la Avenida de los M\u00e1rtires en el avance hacia el parque Seraf\u00edn S\u00e1nchez de la multitud, conformada mayoritariamente por j\u00f3venes, encabezados por las principales autoridades de la provincia.<\/p>\n<div id=\"attachment_62266\" style=\"width: 610px\" class=\"wp-caption aligncenter\"><img decoding=\"async\" aria-describedby=\"caption-attachment-62266\" class=\"size-medium wp-image-62266\" src=\"https:\/\/www.radiosanctispiritus.cu\/es\/wp-content\/uploads\/Antorchas-2-600x440.jpg\" alt=\"\" width=\"600\" height=\"440\" srcset=\"https:\/\/www.radiosanctispiritus.cu\/es\/wp-content\/uploads\/Antorchas-2-600x440.jpg 600w, https:\/\/www.radiosanctispiritus.cu\/es\/wp-content\/uploads\/Antorchas-2-1024x751.jpg 1024w, https:\/\/www.radiosanctispiritus.cu\/es\/wp-content\/uploads\/Antorchas-2-768x563.jpg 768w, https:\/\/www.radiosanctispiritus.cu\/es\/wp-content\/uploads\/Antorchas-2-1536x1126.jpg 1536w, https:\/\/www.radiosanctispiritus.cu\/es\/wp-content\/uploads\/Antorchas-2-2048x1502.jpg 2048w\" sizes=\"(max-width: 600px) 100vw, 600px\" \/><p id=\"caption-attachment-62266\" class=\"wp-caption-text\">Fotos: Oscar Alfonso Sosa.<\/p><\/div>\n<p>Como mismo aportaron calidez a la fr\u00eda noche en el centro de la isla, las antorchas devinieron s\u00edmbolo del compromiso\u00a0 de los habitantes de esta porci\u00f3n del pa\u00eds que, como toda Cuba, \u00a0mantiene en alto la luz que simboliza la unidad y resistencia.<\/p>\n<p><img decoding=\"async\" class=\"size-medium wp-image-62267 aligncenter\" src=\"https:\/\/www.radiosanctispiritus.cu\/es\/wp-content\/uploads\/Antorchas-3-600x436.jpg\" alt=\"\" width=\"600\" height=\"436\" srcset=\"https:\/\/www.radiosanctispiritus.cu\/es\/wp-content\/uploads\/Antorchas-3-600x436.jpg 600w, https:\/\/www.radiosanctispiritus.cu\/es\/wp-content\/uploads\/Antorchas-3-1024x743.jpg 1024w, https:\/\/www.radiosanctispiritus.cu\/es\/wp-content\/uploads\/Antorchas-3-768x558.jpg 768w, https:\/\/www.radiosanctispiritus.cu\/es\/wp-content\/uploads\/Antorchas-3-1536x1115.jpg 1536w, https:\/\/www.radiosanctispiritus.cu\/es\/wp-content\/uploads\/Antorchas-3-2048x1487.jpg 2048w\" sizes=\"(max-width: 600px) 100vw, 600px\" \/><\/p>\n<p><img decoding=\"async\" class=\"size-medium wp-image-62268 aligncenter\" src=\"https:\/\/www.radiosanctispiritus.cu\/es\/wp-content\/uploads\/Antorchas-1-600x457.jpg\" alt=\"\" width=\"600\" height=\"457\" srcset=\"https:\/\/www.radiosanctispiritus.cu\/es\/wp-content\/uploads\/Antorchas-1-600x457.jpg 600w, https:\/\/www.radiosanctispiritus.cu\/es\/wp-content\/uploads\/Antorchas-1-1024x780.jpg 1024w, https:\/\/www.radiosanctispiritus.cu\/es\/wp-content\/uploads\/Antorchas-1-768x585.jpg 768w, https:\/\/www.radiosanctispiritus.cu\/es\/wp-content\/uploads\/Antorchas-1-1536x1169.jpg 1536w, https:\/\/www.radiosanctispiritus.cu\/es\/wp-content\/uploads\/Antorchas-1-2048x1559.jpg 2048w\" sizes=\"(max-width: 600px) 100vw, 600px\" \/><\/p>\n<p><img decoding=\"async\" class=\"size-medium wp-image-62269 aligncenter\" src=\"https:\/\/www.radiosanctispiritus.cu\/es\/wp-content\/uploads\/Antorchas-5-600x448.jpg\" alt=\"\" width=\"600\" height=\"448\" srcset=\"https:\/\/www.radiosanctispiritus.cu\/es\/wp-content\/uploads\/Antorchas-5-600x448.jpg 600w, https:\/\/www.radiosanctispiritus.cu\/es\/wp-content\/uploads\/Antorchas-5-1024x765.jpg 1024w, https:\/\/www.radiosanctispiritus.cu\/es\/wp-content\/uploads\/Antorchas-5-768x574.jpg 768w, https:\/\/www.radiosanctispiritus.cu\/es\/wp-content\/uploads\/Antorchas-5-1536x1148.jpg 1536w, https:\/\/www.radiosanctispiritus.cu\/es\/wp-content\/uploads\/Antorchas-5-2048x1531.jpg 2048w\" sizes=\"(max-width: 600px) 100vw, 600px\" \/><\/p>\n<p><img decoding=\"async\" class=\"size-medium wp-image-62270 aligncenter\" src=\"https:\/\/www.radiosanctispiritus.cu\/es\/wp-content\/uploads\/Antorchas-6-600x567.jpg\" alt=\"\" width=\"600\" height=\"567\" srcset=\"https:\/\/www.radiosanctispiritus.cu\/es\/wp-content\/uploads\/Antorchas-6-600x567.jpg 600w, https:\/\/www.radiosanctispiritus.cu\/es\/wp-content\/uploads\/Antorchas-6-1024x967.jpg 1024w, https:\/\/www.radiosanctispiritus.cu\/es\/wp-content\/uploads\/Antorchas-6-768x725.jpg 768w, https:\/\/www.radiosanctispiritus.cu\/es\/wp-content\/uploads\/Antorchas-6-1536x1450.jpg 1536w, https:\/\/www.radiosanctispiritus.cu\/es\/wp-content\/uploads\/Antorchas-6-2048x1934.jpg 2048w\" sizes=\"(max-width: 600px) 100vw, 600px\" \/><\/p>\n<blockquote class=\"twitter-tweet\">\n<p dir=\"ltr\" lang=\"es\">De Mart\u00ed a Fidel, de la antorcha antiimperialista al futuro.<br \/>\nLa llama que ilumin\u00f3 la noche en la Marcha de las Antorchas sigue viva en los corazones pioneriles que ma\u00f1ana desfilar\u00e1n por la escalinata de la Biblioteca Provincial donde Fidel habl\u00f3 a los espirituanos. <a href=\"https:\/\/t.co\/vjSxwf4GLe\" target=\"_blank\" rel=\"noopener noreferrer nofollow\">pic.twitter.com\/vjSxwf4GLe<\/a><\/p>\n<p>\u2014 Deivy P\u00e9rez Mart\u00edn (@DeivyPrezMartn1) <a href=\"https:\/\/twitter.com\/DeivyPrezMartn1\/status\/2016332636516393457?ref_src=twsrc%5Etfw\" target=\"_blank\" rel=\"noopener noreferrer nofollow\">January 28, 2026<\/a><\/p><\/blockquote>\n<p>&nbsp;<\/p>\n","protected":false},"excerpt":{"rendered":"<p>Como cada enero, Sancti Sp\u00edritus antecedi\u00f3 el aniversario del natalicio de Jos\u00e9 Mart\u00ed con una Marcha de las Antorchas que en el a\u00f1o del centenario del Comandante en Jefe Fidel Castro reafirm\u00f3 la fuerza de un pueblo que no se rinde pese al incremento de la hostilidad imperial.<\/p>\n","protected":false},"author":15,"featured_media":62265,"comment_status":"open","ping_status":"open","sticky":false,"template":"","format":"standard","meta":{"_acf_changed":false,"footnotes":""},"categories":[11,8,1],"tags":[183,1378,636,635],"coauthors":[1884],"class_list":["post-62264","post","type-post","status-publish","format-standard","has-post-thumbnail","hentry","category-fotorreportaje","category-noticia","category-sancti-spiritus","tag-fidel-castro","tag-generacion-del-centenario","tag-jose-marti","tag-marcha-de-las-antorchas"],"acf":[],"_links":{"self":[{"href":"https:\/\/www.radiosanctispiritus.cu\/es\/wp-json\/wp\/v2\/posts\/62264","targetHints":{"allow":["GET"]}}],"collection":[{"href":"https:\/\/www.radiosanctispiritus.cu\/es\/wp-json\/wp\/v2\/posts"}],"about":[{"href":"https:\/\/www.radiosanctispiritus.cu\/es\/wp-json\/wp\/v2\/types\/post"}],"author":[{"embeddable":true,"href":"https:\/\/www.radiosanctispiritus.cu\/es\/wp-json\/wp\/v2\/users\/15"}],"replies":[{"embeddable":true,"href":"https:\/\/www.radiosanctispiritus.cu\/es\/wp-json\/wp\/v2\/comments?post=62264"}],"version-history":[{"count":5,"href":"https:\/\/www.radiosanctispiritus.cu\/es\/wp-json\/wp\/v2\/posts\/62264\/revisions"}],"predecessor-version":[{"id":62277,"href":"https:\/\/www.radiosanctispiritus.cu\/es\/wp-json\/wp\/v2\/posts\/62264\/revisions\/62277"}],"wp:featuredmedia":[{"embeddable":true,"href":"https:\/\/www.radiosanctispiritus.cu\/es\/wp-json\/wp\/v2\/media\/62265"}],"wp:attachment":[{"href":"https:\/\/www.radiosanctispiritus.cu\/es\/wp-json\/wp\/v2\/media?parent=62264"}],"wp:term":[{"taxonomy":"category","embeddable":true,"href":"https:\/\/www.radiosanctispiritus.cu\/es\/wp-json\/wp\/v2\/categories?post=62264"},{"taxonomy":"post_tag","embeddable":true,"href":"https:\/\/www.radiosanctispiritus.cu\/es\/wp-json\/wp\/v2\/tags?post=62264"},{"taxonomy":"author","embeddable":true,"href":"https:\/\/www.radiosanctispiritus.cu\/es\/wp-json\/wp\/v2\/coauthors?post=62264"}],"curies":[{"name":"wp","href":"https:\/\/api.w.org\/{rel}","templated":true}]}}