{"id":62250,"date":"2026-01-27T20:00:42","date_gmt":"2026-01-28T01:00:42","guid":{"rendered":"https:\/\/www.radiosanctispiritus.cu\/es\/?p=62250"},"modified":"2026-01-27T20:36:21","modified_gmt":"2026-01-28T01:36:21","slug":"detectan-irregularidades-en-la-gestion-de-inventarios-en-sancti-spiritus","status":"publish","type":"post","link":"https:\/\/www.radiosanctispiritus.cu\/es\/detectan-irregularidades-en-la-gestion-de-inventarios-en-sancti-spiritus\/","title":{"rendered":"Detectan irregularidades en la gesti\u00f3n de inventarios en Sancti Sp\u00edritus"},"content":{"rendered":"<p>La aplicaci\u00f3n del Decreto sobre la gesti\u00f3n de inventarios ociosos y de lento movimiento revela en Sancti Sp\u00edritus m\u00e1s de 1,7 millones de pesos en productos sin uso y unos 15 millones en art\u00edculos de baja rotaci\u00f3n.<\/p>\n<p>Dentro del \u00e1mbito presupuestado, la Universidad de Ciencias M\u00e9dicas concentra la mayor cantidad de inventarios ociosos. Los de lento movimiento se registran, principalmente, en esa instituci\u00f3n, en la Universidad \u00abJos\u00e9 Mart\u00ed\u00bb y en el Hospital Pedi\u00e1trico.<\/p>\n<p>En el \u00e1rea empresarial, sobresalen por sus altos vol\u00famenes de inventarios en desuso la Empresa Av\u00edcola, la Agroindustrial \u00abSur del J\u00edbaro\u00bb y la Empresa Municipal de Comercio. Tambi\u00e9n destacan con acumulaciones de lento movimiento la Empresa de Suministros Agropecuarios y la Azucarera \u00abMelanio Hern\u00e1ndez\u00bb.<\/p>\n<p>Durante el a\u00f1o se aplicaron seis controles, tanto nacionales como de gesti\u00f3n.<\/p>\n<p>Las principales deficiencias detectadas fueron expedientes log\u00edsticos desactualizados, ausencia de una red organizada de almacenes, falta de categorizaci\u00f3n y desconocimiento del contenido del decreto.<\/p>\n<p>El diagn\u00f3stico en las entidades del comercio mostr\u00f3 un desconocimiento general de la norma y la falta de procedimientos para reevaluar los inventarios y determinar los productos ociosos.<\/p>\n<p>Adem\u00e1s, en siete controles efectuados a la Empresa Mayorista de Alimentos se detectaron productos vencidos en los almacenes, algunos sin dictamen de las autoridades competentes.<\/p>\n<p><iframe src=\"https:\/\/www.ivoox.com\/player_ej_167436223_6_1.html?c1=7a0d0b\" width=\"100%\" height=\"200\" frameborder=\"0\" scrolling=\"no\" allowfullscreen=\"allowfullscreen\"><\/iframe><\/p>\n","protected":false},"excerpt":{"rendered":"<p>La aplicaci\u00f3n del Decreto sobre la gesti\u00f3n de inventarios ociosos y de lento movimiento revela en Sancti Sp\u00edritus m\u00e1s de 1,7 millones de pesos en productos sin uso y unos 15 millones en art\u00edculos de baja rotaci\u00f3n.<\/p>\n","protected":false},"author":18,"featured_media":62252,"comment_status":"open","ping_status":"open","sticky":false,"template":"","format":"standard","meta":{"_acf_changed":false,"footnotes":""},"categories":[8,16,9,1],"tags":[358,71],"coauthors":[1874],"class_list":["post-62250","post","type-post","status-publish","format-standard","has-post-thumbnail","hentry","category-noticia","category-economia","category-en-audio","category-sancti-spiritus","tag-control-interno","tag-economia"],"acf":[],"_links":{"self":[{"href":"https:\/\/www.radiosanctispiritus.cu\/es\/wp-json\/wp\/v2\/posts\/62250","targetHints":{"allow":["GET"]}}],"collection":[{"href":"https:\/\/www.radiosanctispiritus.cu\/es\/wp-json\/wp\/v2\/posts"}],"about":[{"href":"https:\/\/www.radiosanctispiritus.cu\/es\/wp-json\/wp\/v2\/types\/post"}],"author":[{"embeddable":true,"href":"https:\/\/www.radiosanctispiritus.cu\/es\/wp-json\/wp\/v2\/users\/18"}],"replies":[{"embeddable":true,"href":"https:\/\/www.radiosanctispiritus.cu\/es\/wp-json\/wp\/v2\/comments?post=62250"}],"version-history":[{"count":4,"href":"https:\/\/www.radiosanctispiritus.cu\/es\/wp-json\/wp\/v2\/posts\/62250\/revisions"}],"predecessor-version":[{"id":62263,"href":"https:\/\/www.radiosanctispiritus.cu\/es\/wp-json\/wp\/v2\/posts\/62250\/revisions\/62263"}],"wp:featuredmedia":[{"embeddable":true,"href":"https:\/\/www.radiosanctispiritus.cu\/es\/wp-json\/wp\/v2\/media\/62252"}],"wp:attachment":[{"href":"https:\/\/www.radiosanctispiritus.cu\/es\/wp-json\/wp\/v2\/media?parent=62250"}],"wp:term":[{"taxonomy":"category","embeddable":true,"href":"https:\/\/www.radiosanctispiritus.cu\/es\/wp-json\/wp\/v2\/categories?post=62250"},{"taxonomy":"post_tag","embeddable":true,"href":"https:\/\/www.radiosanctispiritus.cu\/es\/wp-json\/wp\/v2\/tags?post=62250"},{"taxonomy":"author","embeddable":true,"href":"https:\/\/www.radiosanctispiritus.cu\/es\/wp-json\/wp\/v2\/coauthors?post=62250"}],"curies":[{"name":"wp","href":"https:\/\/api.w.org\/{rel}","templated":true}]}}