{"id":62216,"date":"2026-01-27T20:40:36","date_gmt":"2026-01-28T01:40:36","guid":{"rendered":"https:\/\/www.radiosanctispiritus.cu\/es\/?p=62216"},"modified":"2026-01-27T19:51:34","modified_gmt":"2026-01-28T00:51:34","slug":"taller-de-la-decima-y-el-punto-cubano-vuelve-a-sancti-spiritus","status":"publish","type":"post","link":"https:\/\/www.radiosanctispiritus.cu\/es\/taller-de-la-decima-y-el-punto-cubano-vuelve-a-sancti-spiritus\/","title":{"rendered":"Taller de la d\u00e9cima y el punto cubano vuelve a Sancti Sp\u00edritus"},"content":{"rendered":"<p class=\"h2 font-normal\">Sancti Sp\u00edritus ser\u00e1 sede desde este 29 de enero hasta el dos de febrero del III Taller de la d\u00e9cima y el punto cubano.<\/p>\n<p>De acuerdo con Saily Alba \u00c1lvarez, directora del Centro de Promoci\u00f3n Literaria Ra\u00fal Ferrer, la cita ser\u00e1 una fiesta aut\u00f3ctona.<\/p>\n<p>Este encuentro estar\u00e1 dedicado al poeta e improvisador Ra\u00fal Herrera P\u00e9rez en su 70 cumplea\u00f1os y tambi\u00e9n al tonadista y poeta Gabino Rodr\u00edguez, asegur\u00f3 la fuente.<\/p>\n<p><iframe src=\"https:\/\/www.ivoox.com\/player_ej_167429698_6_1.html?c1=7a0d0b\" width=\"100%\" height=\"200\" frameborder=\"0\" scrolling=\"no\" allowfullscreen=\"allowfullscreen\"><\/iframe><\/p>\n","protected":false},"excerpt":{"rendered":"<p>Sancti Sp\u00edritus ser\u00e1 sede desde este 29 de enero hasta el dos de febrero del III Taller de la d\u00e9cima y el punto cubano.<\/p>\n","protected":false},"author":12,"featured_media":6887,"comment_status":"open","ping_status":"open","sticky":false,"template":"","format":"standard","meta":{"_acf_changed":false,"footnotes":""},"categories":[6,9,8,1],"tags":[1161,531,1162],"coauthors":[1864],"class_list":["post-62216","post","type-post","status-publish","format-standard","has-post-thumbnail","hentry","category-cultura","category-en-audio","category-noticia","category-sancti-spiritus","tag-decima","tag-musica","tag-punto-cubano"],"acf":[],"_links":{"self":[{"href":"https:\/\/www.radiosanctispiritus.cu\/es\/wp-json\/wp\/v2\/posts\/62216","targetHints":{"allow":["GET"]}}],"collection":[{"href":"https:\/\/www.radiosanctispiritus.cu\/es\/wp-json\/wp\/v2\/posts"}],"about":[{"href":"https:\/\/www.radiosanctispiritus.cu\/es\/wp-json\/wp\/v2\/types\/post"}],"author":[{"embeddable":true,"href":"https:\/\/www.radiosanctispiritus.cu\/es\/wp-json\/wp\/v2\/users\/12"}],"replies":[{"embeddable":true,"href":"https:\/\/www.radiosanctispiritus.cu\/es\/wp-json\/wp\/v2\/comments?post=62216"}],"version-history":[{"count":4,"href":"https:\/\/www.radiosanctispiritus.cu\/es\/wp-json\/wp\/v2\/posts\/62216\/revisions"}],"predecessor-version":[{"id":62249,"href":"https:\/\/www.radiosanctispiritus.cu\/es\/wp-json\/wp\/v2\/posts\/62216\/revisions\/62249"}],"wp:featuredmedia":[{"embeddable":true,"href":"https:\/\/www.radiosanctispiritus.cu\/es\/wp-json\/wp\/v2\/media\/6887"}],"wp:attachment":[{"href":"https:\/\/www.radiosanctispiritus.cu\/es\/wp-json\/wp\/v2\/media?parent=62216"}],"wp:term":[{"taxonomy":"category","embeddable":true,"href":"https:\/\/www.radiosanctispiritus.cu\/es\/wp-json\/wp\/v2\/categories?post=62216"},{"taxonomy":"post_tag","embeddable":true,"href":"https:\/\/www.radiosanctispiritus.cu\/es\/wp-json\/wp\/v2\/tags?post=62216"},{"taxonomy":"author","embeddable":true,"href":"https:\/\/www.radiosanctispiritus.cu\/es\/wp-json\/wp\/v2\/coauthors?post=62216"}],"curies":[{"name":"wp","href":"https:\/\/api.w.org\/{rel}","templated":true}]}}