{"id":62112,"date":"2026-01-25T16:21:36","date_gmt":"2026-01-25T21:21:36","guid":{"rendered":"https:\/\/www.radiosanctispiritus.cu\/es\/?p=62112"},"modified":"2026-01-25T17:39:54","modified_gmt":"2026-01-25T22:39:54","slug":"sancti-spiritus-acogio-el-acto-nacional-por-el-dia-del-trabajador-de-la-industria-alimentaria","status":"publish","type":"post","link":"https:\/\/www.radiosanctispiritus.cu\/es\/sancti-spiritus-acogio-el-acto-nacional-por-el-dia-del-trabajador-de-la-industria-alimentaria\/","title":{"rendered":"Sancti Sp\u00edritus acogi\u00f3 el Acto Nacional por el D\u00eda del Trabajador de la Industria Alimentaria"},"content":{"rendered":"<p>La Empresa C\u00e1rnica espirituana fue sede este 25 de enero del Acto Nacional por el D\u00eda del Trabajador de la Industria Alimentaria en Cuba, celebraci\u00f3n dedicada al centenario del natalicio del Comandante en Jefe Fidel Castro y al reconocimiento de los trabajadores del sector.<\/p>\n<p>La ceremonia cont\u00f3 con la presencia Deivy P\u00e9rez Mart\u00edn, miembro del Comit\u00e9 Central de Partido y Primera Secretaria en la provincia, Osnay Miguel Colina, miembro del Comit\u00e9 Central del Partido y Presidente de la Comisi\u00f3n Organizadora del Vig\u00e9simo Segundo Congreso de la CTC, Ram\u00f3n Aguilar Betancourt, Presidente de la Comisi\u00f3n Agroalimentaria de la Asamblea Nacional del Poder Popular.<\/p>\n<p>Tambi\u00e9n asistieron a la cita Alberto L\u00f3pez D\u00edaz, Ministro de la Industria Alimentaria y la Pesca, Alexis Lorente Jim\u00e9nez, Gobernador del Gobierno Provincial del Poder Popular y Jorge Luis Fajardo Casas, Secretario General del Sindicato Nacional de los Trabajadores de la Industria Alimentaria y la Pesca as\u00ed como otros funcionarios, directivos y trabajadores del ramo.<\/p>\n<p><img decoding=\"async\" class=\"size-medium wp-image-62117 aligncenter\" src=\"https:\/\/www.radiosanctispiritus.cu\/es\/wp-content\/uploads\/IMG-20260125-WA0016-600x450.jpg\" alt=\"\" width=\"600\" height=\"450\" srcset=\"https:\/\/www.radiosanctispiritus.cu\/es\/wp-content\/uploads\/IMG-20260125-WA0016-600x450.jpg 600w, https:\/\/www.radiosanctispiritus.cu\/es\/wp-content\/uploads\/IMG-20260125-WA0016-768x576.jpg 768w, https:\/\/www.radiosanctispiritus.cu\/es\/wp-content\/uploads\/IMG-20260125-WA0016.jpg 1020w\" sizes=\"(max-width: 600px) 100vw, 600px\" \/><\/p>\n<p>En el encuentro se entregaron importantes condecoraciones y t\u00edtulos honor\u00edficos como el Sello 85 aniversario de la CTC, otorgado por \u00fanica vez a dirigentes y colectivos ejemplares; la Distinci\u00f3n Pedro Marrero Aizpur\u00faa, dedicada a trabajadores con m\u00e1s de dos d\u00e9cadas de labor ininterrumpida; y el Sello 50 aniversario, para quienes acumulan medio siglo de servicio en la industria. La Empresa C\u00e1rnica espirituana recibi\u00f3 adem\u00e1s la condici\u00f3n de Colectivo Vanguardia Nacional, m\u00e1ximo galard\u00f3n que otorga la Central de Trabajadores de Cuba.<\/p>\n<p>La jornada de homenaje incluy\u00f3 reconocimientos a entidades y trabajadores que apoyaron en la recuperaci\u00f3n tras el paso del hurac\u00e1n Melissa por el oriente del pa\u00eds, as\u00ed como a las provincias con mejores resultados sindicales en 2025: Holgu\u00edn, Ciego de \u00c1vila y Cienfuegos, junto a Pinar del R\u00edo y Sancti Sp\u00edritus como territorios m\u00e1s destacados.<\/p>\n<p><img decoding=\"async\" class=\"size-medium wp-image-62118 aligncenter\" src=\"https:\/\/www.radiosanctispiritus.cu\/es\/wp-content\/uploads\/IMG-20260125-WA0017-600x450.jpg\" alt=\"\" width=\"600\" height=\"450\" srcset=\"https:\/\/www.radiosanctispiritus.cu\/es\/wp-content\/uploads\/IMG-20260125-WA0017-600x450.jpg 600w, https:\/\/www.radiosanctispiritus.cu\/es\/wp-content\/uploads\/IMG-20260125-WA0017-768x576.jpg 768w, https:\/\/www.radiosanctispiritus.cu\/es\/wp-content\/uploads\/IMG-20260125-WA0017.jpg 1020w\" sizes=\"(max-width: 600px) 100vw, 600px\" \/><\/p>\n<p>Las palabras centrales estuvieron a cargo de Jorge Luis Fajardo Casas, secretario general del Sindicato Nacional de Trabajadores de la Industria Alimentaria, quien transmiti\u00f3 un mensaje de unidad y compromiso, resaltando la importancia de este sector en el desarrollo econ\u00f3mico y social de la naci\u00f3n.<\/p>\n","protected":false},"excerpt":{"rendered":"<p>La Empresa C\u00e1rnica espirituana fue sede este 25 de enero del Acto Nacional por el D\u00eda del Trabajador de la Industria Alimentaria en Cuba, celebraci\u00f3n dedicada al centenario del natalicio del Comandante en Jefe Fidel Castro y al reconocimiento de los trabajadores del sector.<\/p>\n","protected":false},"author":166,"featured_media":62113,"comment_status":"open","ping_status":"open","sticky":false,"template":"","format":"standard","meta":{"_acf_changed":false,"footnotes":""},"categories":[1,16,8],"tags":[1053,44,354],"coauthors":[1901],"class_list":["post-62112","post","type-post","status-publish","format-standard","has-post-thumbnail","hentry","category-sancti-spiritus","category-economia","category-noticia","tag-alexis-lorente","tag-deivy-perez-martin","tag-industria-alimentaria"],"acf":[],"_links":{"self":[{"href":"https:\/\/www.radiosanctispiritus.cu\/es\/wp-json\/wp\/v2\/posts\/62112","targetHints":{"allow":["GET"]}}],"collection":[{"href":"https:\/\/www.radiosanctispiritus.cu\/es\/wp-json\/wp\/v2\/posts"}],"about":[{"href":"https:\/\/www.radiosanctispiritus.cu\/es\/wp-json\/wp\/v2\/types\/post"}],"author":[{"embeddable":true,"href":"https:\/\/www.radiosanctispiritus.cu\/es\/wp-json\/wp\/v2\/users\/166"}],"replies":[{"embeddable":true,"href":"https:\/\/www.radiosanctispiritus.cu\/es\/wp-json\/wp\/v2\/comments?post=62112"}],"version-history":[{"count":5,"href":"https:\/\/www.radiosanctispiritus.cu\/es\/wp-json\/wp\/v2\/posts\/62112\/revisions"}],"predecessor-version":[{"id":62123,"href":"https:\/\/www.radiosanctispiritus.cu\/es\/wp-json\/wp\/v2\/posts\/62112\/revisions\/62123"}],"wp:featuredmedia":[{"embeddable":true,"href":"https:\/\/www.radiosanctispiritus.cu\/es\/wp-json\/wp\/v2\/media\/62113"}],"wp:attachment":[{"href":"https:\/\/www.radiosanctispiritus.cu\/es\/wp-json\/wp\/v2\/media?parent=62112"}],"wp:term":[{"taxonomy":"category","embeddable":true,"href":"https:\/\/www.radiosanctispiritus.cu\/es\/wp-json\/wp\/v2\/categories?post=62112"},{"taxonomy":"post_tag","embeddable":true,"href":"https:\/\/www.radiosanctispiritus.cu\/es\/wp-json\/wp\/v2\/tags?post=62112"},{"taxonomy":"author","embeddable":true,"href":"https:\/\/www.radiosanctispiritus.cu\/es\/wp-json\/wp\/v2\/coauthors?post=62112"}],"curies":[{"name":"wp","href":"https:\/\/api.w.org\/{rel}","templated":true}]}}