{"id":62067,"date":"2026-01-25T05:27:11","date_gmt":"2026-01-25T10:27:11","guid":{"rendered":"https:\/\/www.radiosanctispiritus.cu\/es\/?p=62067"},"modified":"2026-01-25T09:57:24","modified_gmt":"2026-01-25T14:57:24","slug":"patrimonio-espirituano-demanda-mayores-acciones-de-cuidado-y-conservacion-en-este-2026","status":"publish","type":"post","link":"https:\/\/www.radiosanctispiritus.cu\/es\/patrimonio-espirituano-demanda-mayores-acciones-de-cuidado-y-conservacion-en-este-2026\/","title":{"rendered":"Patrimonio espirituano demanda mayores acciones de cuidado y conservaci\u00f3n en este 2026"},"content":{"rendered":"<p>Que las instituciones culturales que celebran sus 45 y 50 aniversarios en 2026 lo vivan con mejoras en su confort y condiciones constituye una prioridad para el Centro Provincial de Patrimonio en Sancti Sp\u00edritus.<\/p>\n<p>Como es conocido, la red institucional del territorio no presenta un buen estado constructivo debido a la longevidad de las edificaciones y a los largos periodos sin recibir mantenimiento o restauraci\u00f3n. As\u00ed lo reconoci\u00f3 Yadira Bernal, al frente de la gesti\u00f3n patrimonial en la provincia.<\/p>\n<p>\u201cTenemos un plan de acciones para acompa\u00f1ar a nuestros museos, con un programa de actividades dise\u00f1ado para homenajear a todas las instituciones que cumplen aniversario este a\u00f1o. Tambi\u00e9n tenemos el 130 aniversario de Seraf\u00edn S\u00e1nchez, y ya hemos proyectado acciones de conservaci\u00f3n en el monumento, as\u00ed como restauraciones en otros casos\u201d, explic\u00f3 Bernal.<\/p>\n<p>En la actualidad, en Sancti Sp\u00edritus, cinco construcciones con categor\u00eda de monumento muestran significativas se\u00f1ales de peligro. Entre ellas, la emblem\u00e1tica Torre Manaca-Iznaga debe ser intervenida en las pr\u00f3ximas horas, mientras el resto aguarda por acciones urgentes para evitar su deterioro.<\/p>\n<p>De igual forma, se han identificado un grupo de tarjas, obeliscos y monumentos con da\u00f1os, v\u00edctimas de actos vand\u00e1licos y de la ausencia de labores de mantenimiento continuado. Por ello, se considera urgente reforzar durante este 2026 el cuidado y la conservaci\u00f3n del patrimonio tangible espirituano.<\/p>\n<p><iframe src=\"https:\/\/www.ivoox.com\/player_ej_167263207_6_1.html?c1=7a0d0b\" width=\"100%\" height=\"200\" frameborder=\"0\" scrolling=\"no\" allowfullscreen=\"allowfullscreen\"><\/iframe><\/p>\n","protected":false},"excerpt":{"rendered":"<p>Que las instituciones culturales que celebran sus 45 y 50 aniversarios en 2026 lo vivan con mejoras en su confort y condiciones constituye una prioridad para el Centro Provincial de Patrimonio en Sancti Sp\u00edritus.<\/p>\n","protected":false},"author":12,"featured_media":18345,"comment_status":"open","ping_status":"open","sticky":false,"template":"","format":"standard","meta":{"_acf_changed":false,"footnotes":""},"categories":[8,6,9,1],"tags":[2161,32],"coauthors":[1864],"class_list":["post-62067","post","type-post","status-publish","format-standard","has-post-thumbnail","hentry","category-noticia","category-cultura","category-en-audio","category-sancti-spiritus","tag-centro-provincial-de-patrimonio","tag-patrimonio"],"acf":[],"_links":{"self":[{"href":"https:\/\/www.radiosanctispiritus.cu\/es\/wp-json\/wp\/v2\/posts\/62067","targetHints":{"allow":["GET"]}}],"collection":[{"href":"https:\/\/www.radiosanctispiritus.cu\/es\/wp-json\/wp\/v2\/posts"}],"about":[{"href":"https:\/\/www.radiosanctispiritus.cu\/es\/wp-json\/wp\/v2\/types\/post"}],"author":[{"embeddable":true,"href":"https:\/\/www.radiosanctispiritus.cu\/es\/wp-json\/wp\/v2\/users\/12"}],"replies":[{"embeddable":true,"href":"https:\/\/www.radiosanctispiritus.cu\/es\/wp-json\/wp\/v2\/comments?post=62067"}],"version-history":[{"count":5,"href":"https:\/\/www.radiosanctispiritus.cu\/es\/wp-json\/wp\/v2\/posts\/62067\/revisions"}],"predecessor-version":[{"id":62089,"href":"https:\/\/www.radiosanctispiritus.cu\/es\/wp-json\/wp\/v2\/posts\/62067\/revisions\/62089"}],"wp:featuredmedia":[{"embeddable":true,"href":"https:\/\/www.radiosanctispiritus.cu\/es\/wp-json\/wp\/v2\/media\/18345"}],"wp:attachment":[{"href":"https:\/\/www.radiosanctispiritus.cu\/es\/wp-json\/wp\/v2\/media?parent=62067"}],"wp:term":[{"taxonomy":"category","embeddable":true,"href":"https:\/\/www.radiosanctispiritus.cu\/es\/wp-json\/wp\/v2\/categories?post=62067"},{"taxonomy":"post_tag","embeddable":true,"href":"https:\/\/www.radiosanctispiritus.cu\/es\/wp-json\/wp\/v2\/tags?post=62067"},{"taxonomy":"author","embeddable":true,"href":"https:\/\/www.radiosanctispiritus.cu\/es\/wp-json\/wp\/v2\/coauthors?post=62067"}],"curies":[{"name":"wp","href":"https:\/\/api.w.org\/{rel}","templated":true}]}}