{"id":62059,"date":"2026-01-24T18:30:23","date_gmt":"2026-01-24T23:30:23","guid":{"rendered":"https:\/\/www.radiosanctispiritus.cu\/es\/?p=62059"},"modified":"2026-01-24T19:25:15","modified_gmt":"2026-01-25T00:25:15","slug":"recibe-empresa-carnica-placa-conmemorativa-por-centenario-del-comandante-en-jefe","status":"publish","type":"post","link":"https:\/\/www.radiosanctispiritus.cu\/es\/recibe-empresa-carnica-placa-conmemorativa-por-centenario-del-comandante-en-jefe\/","title":{"rendered":"Recibe Empresa C\u00e1rnica placa conmemorativa por centenario del Comandante en Jefe"},"content":{"rendered":"<p>La Empresa C\u00e1rnica espirituana vivi\u00f3 este s\u00e1bado una jornada hist\u00f3rica al convertirse en una de las primeras entidades del sector en recibir la placa conmemorativa por el centenario de Fidel Castro Ruz. El acto solemne estuvo presidido por el ministro de la Industria Alimentaria, Alberto L\u00f3pez D\u00edaz, y el secretario general del Sindicato Nacional de trabajadores del ramo, Jorge Luis Fajardo Casas.<\/p>\n<p>Ambos destacaron el papel de la empresa en el desarrollo econ\u00f3mico y en la garant\u00eda de la seguridad alimentaria. Tras la ceremonia, el titular del ramo y el l\u00edder sindical de sector en la Isla recorrieron instalaciones de la Empresa C\u00e1rnica, como la granja Santa Rita, ubicada en el municipio de Cabaigu\u00e1n, donde reconoci\u00f3 la disciplina laboral y el compromiso de los colectivos.<\/p>\n<div id=\"attachment_62080\" style=\"width: 610px\" class=\"wp-caption aligncenter\"><img decoding=\"async\" aria-describedby=\"caption-attachment-62080\" class=\"wp-image-62080 size-medium\" src=\"https:\/\/www.radiosanctispiritus.cu\/es\/wp-content\/uploads\/WhatsApp-Image-2026-01-24-at-5.44.20-PM-600x450.jpeg\" alt=\"\" width=\"600\" height=\"450\" srcset=\"https:\/\/www.radiosanctispiritus.cu\/es\/wp-content\/uploads\/WhatsApp-Image-2026-01-24-at-5.44.20-PM-600x450.jpeg 600w, https:\/\/www.radiosanctispiritus.cu\/es\/wp-content\/uploads\/WhatsApp-Image-2026-01-24-at-5.44.20-PM-768x576.jpeg 768w, https:\/\/www.radiosanctispiritus.cu\/es\/wp-content\/uploads\/WhatsApp-Image-2026-01-24-at-5.44.20-PM.jpeg 1020w\" sizes=\"(max-width: 600px) 100vw, 600px\" \/><p id=\"caption-attachment-62080\" class=\"wp-caption-text\">Inauguraci\u00f3n de la panader\u00eda de la UEB Aseguramiento de la Empresa C\u00e1rnica Sancti Sp\u00edritus. Foto: Ariama Hern\u00e1ndez<\/p><\/div>\n<p>Asimismo, el secretario del Sindicato Nacional de los Trabajadores de la Industria Alimentaria y la Pesca, Jorge Luis Fajardo Casas, subray\u00f3 la necesidad de fortalecer la participaci\u00f3n obrera en la gesti\u00f3n productiva de la provincia. En el marco de las actividades por el D\u00eda de la Industria Alimentaria a celebrarse este 25 de enero, la industria c\u00e1rnica espirituana recibi\u00f3 la placa conmemorativa por el centenario de Fidel Castro Ruz.<\/p>\n<p><iframe src=\"https:\/\/www.ivoox.com\/player_ej_167267480_6_1.html?c1=7a0d0b\" width=\"100%\" height=\"200\" frameborder=\"0\" scrolling=\"no\" allowfullscreen=\"allowfullscreen\"><\/iframe><\/p>\n","protected":false},"excerpt":{"rendered":"<p>La Empresa C\u00e1rnica espirituana vivi\u00f3 este s\u00e1bado una jornada hist\u00f3rica al convertirse en una de las primeras entidades del sector en recibir la placa conmemorativa por el centenario de Fidel Castro Ruz<\/p>\n","protected":false},"author":166,"featured_media":62078,"comment_status":"open","ping_status":"open","sticky":false,"template":"","format":"standard","meta":{"_acf_changed":false,"footnotes":""},"categories":[8,3,9,1],"tags":[1543,1780,684],"coauthors":[1901],"class_list":["post-62059","post","type-post","status-publish","format-standard","has-post-thumbnail","hentry","category-noticia","category-cuba","category-en-audio","category-sancti-spiritus","tag-empresa-carnica","tag-sancti-spiritus","tag-sindicato"],"acf":[],"_links":{"self":[{"href":"https:\/\/www.radiosanctispiritus.cu\/es\/wp-json\/wp\/v2\/posts\/62059","targetHints":{"allow":["GET"]}}],"collection":[{"href":"https:\/\/www.radiosanctispiritus.cu\/es\/wp-json\/wp\/v2\/posts"}],"about":[{"href":"https:\/\/www.radiosanctispiritus.cu\/es\/wp-json\/wp\/v2\/types\/post"}],"author":[{"embeddable":true,"href":"https:\/\/www.radiosanctispiritus.cu\/es\/wp-json\/wp\/v2\/users\/166"}],"replies":[{"embeddable":true,"href":"https:\/\/www.radiosanctispiritus.cu\/es\/wp-json\/wp\/v2\/comments?post=62059"}],"version-history":[{"count":6,"href":"https:\/\/www.radiosanctispiritus.cu\/es\/wp-json\/wp\/v2\/posts\/62059\/revisions"}],"predecessor-version":[{"id":62087,"href":"https:\/\/www.radiosanctispiritus.cu\/es\/wp-json\/wp\/v2\/posts\/62059\/revisions\/62087"}],"wp:featuredmedia":[{"embeddable":true,"href":"https:\/\/www.radiosanctispiritus.cu\/es\/wp-json\/wp\/v2\/media\/62078"}],"wp:attachment":[{"href":"https:\/\/www.radiosanctispiritus.cu\/es\/wp-json\/wp\/v2\/media?parent=62059"}],"wp:term":[{"taxonomy":"category","embeddable":true,"href":"https:\/\/www.radiosanctispiritus.cu\/es\/wp-json\/wp\/v2\/categories?post=62059"},{"taxonomy":"post_tag","embeddable":true,"href":"https:\/\/www.radiosanctispiritus.cu\/es\/wp-json\/wp\/v2\/tags?post=62059"},{"taxonomy":"author","embeddable":true,"href":"https:\/\/www.radiosanctispiritus.cu\/es\/wp-json\/wp\/v2\/coauthors?post=62059"}],"curies":[{"name":"wp","href":"https:\/\/api.w.org\/{rel}","templated":true}]}}