{"id":62040,"date":"2026-01-24T12:57:06","date_gmt":"2026-01-24T17:57:06","guid":{"rendered":"https:\/\/www.radiosanctispiritus.cu\/es\/?p=62040"},"modified":"2026-01-24T15:58:28","modified_gmt":"2026-01-24T20:58:28","slug":"sancti-spiritus-consolido-su-preparacion-combativa-en-el-dia-de-la-defensa","status":"publish","type":"post","link":"https:\/\/www.radiosanctispiritus.cu\/es\/sancti-spiritus-consolido-su-preparacion-combativa-en-el-dia-de-la-defensa\/","title":{"rendered":"Sancti Sp\u00edritus consolid\u00f3 su preparaci\u00f3n combativa en el D\u00eda de la Defensa"},"content":{"rendered":"<p>La provincia de Sancti Sp\u00edritus desarroll\u00f3 el D\u00eda Nacional de la Defensa, una jornada que reafirm\u00f3 el entrenamiento y la disposici\u00f3n combativa de las estructuras del territorio.<\/p>\n<p>Desde las primeras horas de la madrugada, los Consejos de Defensa y las entidades espirituanas se pusieron en completa disposici\u00f3n combativa, con la participaci\u00f3n de representantes de todos los grupos y subgrupos.<\/p>\n<div id=\"attachment_62045\" style=\"width: 610px\" class=\"wp-caption aligncenter\"><img decoding=\"async\" aria-describedby=\"caption-attachment-62045\" class=\"size-medium wp-image-62045\" src=\"https:\/\/www.radiosanctispiritus.cu\/es\/wp-content\/uploads\/IMG-20260124-WA0011-600x450.jpg\" alt=\"\" width=\"600\" height=\"450\" srcset=\"https:\/\/www.radiosanctispiritus.cu\/es\/wp-content\/uploads\/IMG-20260124-WA0011-600x450.jpg 600w, https:\/\/www.radiosanctispiritus.cu\/es\/wp-content\/uploads\/IMG-20260124-WA0011-768x576.jpg 768w, https:\/\/www.radiosanctispiritus.cu\/es\/wp-content\/uploads\/IMG-20260124-WA0011.jpg 1020w\" sizes=\"(max-width: 600px) 100vw, 600px\" \/><p id=\"caption-attachment-62045\" class=\"wp-caption-text\">Fotos: Escambray.<\/p><\/div>\n<p>Durante la jornada se ejecutaron ejercicios de defensa territorial, simulacros de alarma a\u00e9rea y ocupaci\u00f3n de obras protectoras, as\u00ed como acciones para garantizar el aseguramiento log\u00edstico.<\/p>\n<p>Tambi\u00e9n se desarroll\u00f3 un ejercicio de recepci\u00f3n masiva de heridos en hospitales de campa\u00f1a y maniobras de defensa de objetivos estrat\u00e9gicos en Consejos Populares, donde intervinieron las Milicias de Tropas Territoriales y brigadas de producci\u00f3n y defensa.<\/p>\n<p>Las acciones incluyeron trabajos de limpieza, desobstrucci\u00f3n y liquidaci\u00f3n de consecuencias en diferentes zonas, adem\u00e1s de ejercicios de tiro de combate, \u00e1reas de explosivos, colocaci\u00f3n de minas, entre otros.<\/p>\n<p><img decoding=\"async\" class=\"size-medium wp-image-62047 aligncenter\" src=\"https:\/\/www.radiosanctispiritus.cu\/es\/wp-content\/uploads\/IMG-20260124-WA0018-600x450.jpg\" alt=\"\" width=\"600\" height=\"450\" srcset=\"https:\/\/www.radiosanctispiritus.cu\/es\/wp-content\/uploads\/IMG-20260124-WA0018-600x450.jpg 600w, https:\/\/www.radiosanctispiritus.cu\/es\/wp-content\/uploads\/IMG-20260124-WA0018-768x576.jpg 768w, https:\/\/www.radiosanctispiritus.cu\/es\/wp-content\/uploads\/IMG-20260124-WA0018.jpg 1020w\" sizes=\"(max-width: 600px) 100vw, 600px\" \/><\/p>\n<p>La jornada concluy\u00f3 con una evaluaci\u00f3n integral en la que se destacaron la organizaci\u00f3n, la disciplina y la cohesi\u00f3n combativa alcanzadas en este D\u00eda Nacional de la Defensa.<\/p>\n<p><iframe src=\"https:\/\/www.ivoox.com\/player_ej_167265037_6_1.html?c1=7a0d0b\" width=\"100%\" height=\"200\" frameborder=\"0\" scrolling=\"no\" allowfullscreen=\"allowfullscreen\"><\/iframe><\/p>\n","protected":false},"excerpt":{"rendered":"<p>La provincia de Sancti Sp\u00edritus desarroll\u00f3 el D\u00eda Nacional de la Defensa, una jornada que reafirm\u00f3 el entrenamiento y la disposici\u00f3n combativa de las estructuras del territorio.<\/p>\n","protected":false},"author":18,"featured_media":62043,"comment_status":"open","ping_status":"open","sticky":false,"template":"","format":"standard","meta":{"_acf_changed":false,"footnotes":""},"categories":[9,8,1],"tags":[1946,1229,2160],"coauthors":[1874],"class_list":["post-62040","post","type-post","status-publish","format-standard","has-post-thumbnail","hentry","category-en-audio","category-noticia","category-sancti-spiritus","tag-consejo-de-defensa-provincial","tag-dia-de-la-defensa","tag-guerra-de-todo-el-pueblo"],"acf":[],"_links":{"self":[{"href":"https:\/\/www.radiosanctispiritus.cu\/es\/wp-json\/wp\/v2\/posts\/62040","targetHints":{"allow":["GET"]}}],"collection":[{"href":"https:\/\/www.radiosanctispiritus.cu\/es\/wp-json\/wp\/v2\/posts"}],"about":[{"href":"https:\/\/www.radiosanctispiritus.cu\/es\/wp-json\/wp\/v2\/types\/post"}],"author":[{"embeddable":true,"href":"https:\/\/www.radiosanctispiritus.cu\/es\/wp-json\/wp\/v2\/users\/18"}],"replies":[{"embeddable":true,"href":"https:\/\/www.radiosanctispiritus.cu\/es\/wp-json\/wp\/v2\/comments?post=62040"}],"version-history":[{"count":4,"href":"https:\/\/www.radiosanctispiritus.cu\/es\/wp-json\/wp\/v2\/posts\/62040\/revisions"}],"predecessor-version":[{"id":62049,"href":"https:\/\/www.radiosanctispiritus.cu\/es\/wp-json\/wp\/v2\/posts\/62040\/revisions\/62049"}],"wp:featuredmedia":[{"embeddable":true,"href":"https:\/\/www.radiosanctispiritus.cu\/es\/wp-json\/wp\/v2\/media\/62043"}],"wp:attachment":[{"href":"https:\/\/www.radiosanctispiritus.cu\/es\/wp-json\/wp\/v2\/media?parent=62040"}],"wp:term":[{"taxonomy":"category","embeddable":true,"href":"https:\/\/www.radiosanctispiritus.cu\/es\/wp-json\/wp\/v2\/categories?post=62040"},{"taxonomy":"post_tag","embeddable":true,"href":"https:\/\/www.radiosanctispiritus.cu\/es\/wp-json\/wp\/v2\/tags?post=62040"},{"taxonomy":"author","embeddable":true,"href":"https:\/\/www.radiosanctispiritus.cu\/es\/wp-json\/wp\/v2\/coauthors?post=62040"}],"curies":[{"name":"wp","href":"https:\/\/api.w.org\/{rel}","templated":true}]}}