{"id":62027,"date":"2026-01-24T05:28:39","date_gmt":"2026-01-24T10:28:39","guid":{"rendered":"https:\/\/www.radiosanctispiritus.cu\/es\/?p=62027"},"modified":"2026-01-24T07:43:56","modified_gmt":"2026-01-24T12:43:56","slug":"ministra-de-comercio-interior-apuesta-por-potenciar-la-gastronomia-estatal-y-las-alternativas-locales-en-sancti-spiritus","status":"publish","type":"post","link":"https:\/\/www.radiosanctispiritus.cu\/es\/ministra-de-comercio-interior-apuesta-por-potenciar-la-gastronomia-estatal-y-las-alternativas-locales-en-sancti-spiritus\/","title":{"rendered":"Ministra de Comercio Interior apuesta por potenciar la gastronom\u00eda estatal y las alternativas locales en Sancti Sp\u00edritus"},"content":{"rendered":"<p>La ministra de Comercio Interior de Cuba, Betsy D\u00edaz Vel\u00e1zquez, realiz\u00f3 este viernes una visita de trabajo a Sancti Sp\u00edritus para evaluar los resultados del sector en 2025 y las proyecciones para el presente a\u00f1o.<\/p>\n<p>Durante su recorrido por unidades de comercio y gastronom\u00eda de la cabecera provincial, insisti\u00f3 en la necesidad de aprovechar las potencialidades locales y fortalecer el encadenamiento productivo.<\/p>\n<p>En el Complejo Gastron\u00f3mico El Recreo, la titular del ramo destac\u00f3 la importancia de generar alternativas que permitan incrementar la utilidad de las unidades y mejorar el salario de los trabajadores.<\/p>\n<p>Subray\u00f3 que la gastronom\u00eda estatal debe mantener su presencia, con autonom\u00eda y capacidad de autogesti\u00f3n, sin renunciar a la colaboraci\u00f3n con actores econ\u00f3micos no estatales.<\/p>\n<p>Entre los temas abordados, D\u00edaz Vel\u00e1zquez se\u00f1al\u00f3 la urgencia de impulsar la producci\u00f3n de alimentos para garantizar el Sistema de Atenci\u00f3n a la Familia y reducir costos en la prestaci\u00f3n de servicios.<\/p>\n<p>Tambi\u00e9n llam\u00f3 a reactivar los centros de elaboraci\u00f3n de alimentos mediante acuerdos con mipymes y otros actores econ\u00f3micos, lo que permitir\u00eda diversificar las ofertas y asegurar precios m\u00e1s favorables para la poblaci\u00f3n.<\/p>\n<p>La ministra enfatiz\u00f3 adem\u00e1s la necesidad de avanzar en la transici\u00f3n energ\u00e9tica, promoviendo proyectos locales que incluyan el uso de paneles solares para garantizar la sostenibilidad de los servicios gastron\u00f3micos.<\/p>\n<p>La visita se enmarca en el despliegue de acciones con que el sector del comercio y la gastronom\u00eda rinde homenaje al Comandante en Jefe Fidel Castro Ruz en el a\u00f1o de su centenario.<\/p>\n","protected":false},"excerpt":{"rendered":"<p>La ministra de Comercio Interior de Cuba, Betsy D\u00edaz Vel\u00e1zquez, realiz\u00f3 este viernes una visita de trabajo a Sancti Sp\u00edritus para evaluar los resultados del sector en 2025 y las proyecciones para el presente a\u00f1o.<\/p>\n","protected":false},"author":166,"featured_media":61995,"comment_status":"open","ping_status":"open","sticky":false,"template":"","format":"standard","meta":{"_acf_changed":false,"footnotes":""},"categories":[8,16,1],"tags":[189,1332],"coauthors":[1901],"class_list":["post-62027","post","type-post","status-publish","format-standard","has-post-thumbnail","hentry","category-noticia","category-economia","category-sancti-spiritus","tag-comercio-interior","tag-comercio-y-gastronomia"],"acf":[],"_links":{"self":[{"href":"https:\/\/www.radiosanctispiritus.cu\/es\/wp-json\/wp\/v2\/posts\/62027","targetHints":{"allow":["GET"]}}],"collection":[{"href":"https:\/\/www.radiosanctispiritus.cu\/es\/wp-json\/wp\/v2\/posts"}],"about":[{"href":"https:\/\/www.radiosanctispiritus.cu\/es\/wp-json\/wp\/v2\/types\/post"}],"author":[{"embeddable":true,"href":"https:\/\/www.radiosanctispiritus.cu\/es\/wp-json\/wp\/v2\/users\/166"}],"replies":[{"embeddable":true,"href":"https:\/\/www.radiosanctispiritus.cu\/es\/wp-json\/wp\/v2\/comments?post=62027"}],"version-history":[{"count":2,"href":"https:\/\/www.radiosanctispiritus.cu\/es\/wp-json\/wp\/v2\/posts\/62027\/revisions"}],"predecessor-version":[{"id":62029,"href":"https:\/\/www.radiosanctispiritus.cu\/es\/wp-json\/wp\/v2\/posts\/62027\/revisions\/62029"}],"wp:featuredmedia":[{"embeddable":true,"href":"https:\/\/www.radiosanctispiritus.cu\/es\/wp-json\/wp\/v2\/media\/61995"}],"wp:attachment":[{"href":"https:\/\/www.radiosanctispiritus.cu\/es\/wp-json\/wp\/v2\/media?parent=62027"}],"wp:term":[{"taxonomy":"category","embeddable":true,"href":"https:\/\/www.radiosanctispiritus.cu\/es\/wp-json\/wp\/v2\/categories?post=62027"},{"taxonomy":"post_tag","embeddable":true,"href":"https:\/\/www.radiosanctispiritus.cu\/es\/wp-json\/wp\/v2\/tags?post=62027"},{"taxonomy":"author","embeddable":true,"href":"https:\/\/www.radiosanctispiritus.cu\/es\/wp-json\/wp\/v2\/coauthors?post=62027"}],"curies":[{"name":"wp","href":"https:\/\/api.w.org\/{rel}","templated":true}]}}