{"id":61993,"date":"2026-01-23T18:30:12","date_gmt":"2026-01-23T23:30:12","guid":{"rendered":"https:\/\/www.radiosanctispiritus.cu\/es\/?p=61993"},"modified":"2026-01-23T18:31:21","modified_gmt":"2026-01-23T23:31:21","slug":"evalua-ministra-de-comercio-interior-proyecciones-del-sector-en-sancti-spiritus","status":"publish","type":"post","link":"https:\/\/www.radiosanctispiritus.cu\/es\/evalua-ministra-de-comercio-interior-proyecciones-del-sector-en-sancti-spiritus\/","title":{"rendered":"Eval\u00faa ministra de Comercio Interior proyecciones del sector en Sancti Sp\u00edritus"},"content":{"rendered":"<p>La ministra de Comercio Interior en Cuba, Betsy D\u00edaz Vel\u00e1zquez, visit\u00f3 Sancti Sp\u00edritus este viernes para evaluar los objetivos de trabajo el pasado a\u00f1o y las proyecciones del sector este 2026 en la provincia.<\/p>\n<p>La titular del ramo recorri\u00f3 varias unidades del comercio, la gastronom\u00eda y los servicios de la cabecera provincial, donde se interes\u00f3 por la superaci\u00f3n de los trabajadores, as\u00ed como el encadenamiento para ampliar las ofertas y aprovechar al m\u00e1ximo las potencialidades locales.<\/p>\n<p>Como parte del periplo, la ministra recorri\u00f3 adem\u00e1s el complejo gastron\u00f3mico El Recreo de la ciudad cabecera y all\u00ed evalu\u00f3 el Sistema de Atenci\u00f3n a la Familia e insisti\u00f3 en crear alternativas locales para generar utilidades e incrementar el salario de sus trabajadores.<\/p>\n<p>La visita de trabajo de la ministra de Comercio Interior en Cuba, Betsy D\u00edaz Vel\u00e1zquez, por territorio espirituano se enmarca en el intenso despliegue de acciones con que el sector rinde homenaje al Comandante en Jefe Fidel Castro Ruz en el a\u00f1o de su centenario.<\/p>\n","protected":false},"excerpt":{"rendered":"<p>La ministra de Comercio Interior en Cuba, Betsy D\u00edaz Vel\u00e1zquez, visit\u00f3 Sancti Sp\u00edritus este viernes para evaluar los objetivos de trabajo el pasado a\u00f1o y las proyecciones del sector este 2026 en la provincia.<\/p>\n","protected":false},"author":166,"featured_media":61995,"comment_status":"open","ping_status":"open","sticky":false,"template":"","format":"standard","meta":{"_acf_changed":false,"footnotes":""},"categories":[16,8,1],"tags":[189,1332],"coauthors":[1901],"class_list":["post-61993","post","type-post","status-publish","format-standard","has-post-thumbnail","hentry","category-economia","category-noticia","category-sancti-spiritus","tag-comercio-interior","tag-comercio-y-gastronomia"],"acf":[],"_links":{"self":[{"href":"https:\/\/www.radiosanctispiritus.cu\/es\/wp-json\/wp\/v2\/posts\/61993","targetHints":{"allow":["GET"]}}],"collection":[{"href":"https:\/\/www.radiosanctispiritus.cu\/es\/wp-json\/wp\/v2\/posts"}],"about":[{"href":"https:\/\/www.radiosanctispiritus.cu\/es\/wp-json\/wp\/v2\/types\/post"}],"author":[{"embeddable":true,"href":"https:\/\/www.radiosanctispiritus.cu\/es\/wp-json\/wp\/v2\/users\/166"}],"replies":[{"embeddable":true,"href":"https:\/\/www.radiosanctispiritus.cu\/es\/wp-json\/wp\/v2\/comments?post=61993"}],"version-history":[{"count":2,"href":"https:\/\/www.radiosanctispiritus.cu\/es\/wp-json\/wp\/v2\/posts\/61993\/revisions"}],"predecessor-version":[{"id":61996,"href":"https:\/\/www.radiosanctispiritus.cu\/es\/wp-json\/wp\/v2\/posts\/61993\/revisions\/61996"}],"wp:featuredmedia":[{"embeddable":true,"href":"https:\/\/www.radiosanctispiritus.cu\/es\/wp-json\/wp\/v2\/media\/61995"}],"wp:attachment":[{"href":"https:\/\/www.radiosanctispiritus.cu\/es\/wp-json\/wp\/v2\/media?parent=61993"}],"wp:term":[{"taxonomy":"category","embeddable":true,"href":"https:\/\/www.radiosanctispiritus.cu\/es\/wp-json\/wp\/v2\/categories?post=61993"},{"taxonomy":"post_tag","embeddable":true,"href":"https:\/\/www.radiosanctispiritus.cu\/es\/wp-json\/wp\/v2\/tags?post=61993"},{"taxonomy":"author","embeddable":true,"href":"https:\/\/www.radiosanctispiritus.cu\/es\/wp-json\/wp\/v2\/coauthors?post=61993"}],"curies":[{"name":"wp","href":"https:\/\/api.w.org\/{rel}","templated":true}]}}