{"id":61966,"date":"2026-01-22T22:38:32","date_gmt":"2026-01-23T03:38:32","guid":{"rendered":"https:\/\/www.radiosanctispiritus.cu\/es\/?p=61966"},"modified":"2026-01-22T22:38:32","modified_gmt":"2026-01-23T03:38:32","slug":"diaz-canel-sostuvo-conversacion-telefonica-con-delcy-rodriguez","status":"publish","type":"post","link":"https:\/\/www.radiosanctispiritus.cu\/es\/diaz-canel-sostuvo-conversacion-telefonica-con-delcy-rodriguez\/","title":{"rendered":"D\u00edaz-Canel sostuvo conversaci\u00f3n telef\u00f3nica con Delcy Rodr\u00edguez"},"content":{"rendered":"<p>El primer secretario del Comit\u00e9 Central del Partido y presidente de la Rep\u00fablica, Miguel D\u00edaz-Canel Berm\u00fadez, sostuvo una conversaci\u00f3n telef\u00f3nica con la presidenta encargada de Venezuela, Delcy Rodr\u00edguez, donde reiter\u00f3 la en\u00e9rgica condena de Cuba a la agresi\u00f3n militar de Estados Unidos y al secuestro del presidente constitucional venezolano, Nicol\u00e1s Maduro, y de la primera dama Cilia Flores.<\/p>\n<p>A trav\u00e9s de un mensaje publicado en la red social X, el mandatario cubano reafirm\u00f3 el respaldo y la solidaridad de la Mayor de las Antillas con la Patria de Bol\u00edvar y Ch\u00e1vez, su pueblo y el gobierno bolivariano, frente a las acciones de injerencia y violencia promovidas desde Washington.<\/p>\n<p>D\u00edaz-Canel subray\u00f3, adem\u00e1s, la decisi\u00f3n de Cuba de continuar fortaleciendo las hist\u00f3ricas relaciones de hermandad, cooperaci\u00f3n y solidaridad que unen a ambos pa\u00edses, basadas en principios de respeto mutuo, soberan\u00eda y defensa de la autodeterminaci\u00f3n de los pueblos.<\/p>\n<p>La comunicaci\u00f3n se produce en un contexto de elevada tensi\u00f3n regional, marcado por las reiteradas denuncias de Caracas sobre acciones hostiles contra Venezuela y sus principales dirigentes, y reafirma la postura hist\u00f3rica de Cuba en defensa de la Revoluci\u00f3n Bolivariana y del derecho de los pueblos a decidir su propio destino sin injerencias externas.<\/p>\n","protected":false},"excerpt":{"rendered":"<p>El mandatario cubano reafirm\u00f3 el respaldo y la solidaridad de la Mayor de las Antillas con la Patria de Bol\u00edvar y Ch\u00e1vez, su pueblo y el gobierno bolivariano, frente a las acciones de injerencia y violencia promovidas desde Washington.<\/p>\n","protected":false},"author":26,"featured_media":61967,"comment_status":"open","ping_status":"open","sticky":false,"template":"","format":"standard","meta":{"_acf_changed":false,"footnotes":""},"categories":[8,3,4],"tags":[241,2159,28],"coauthors":[1887],"class_list":["post-61966","post","type-post","status-publish","format-standard","has-post-thumbnail","hentry","category-noticia","category-cuba","category-internacionales","tag-cuba-venezuela","tag-delcy-rodriguez","tag-miguel-diaz-canel"],"acf":[],"_links":{"self":[{"href":"https:\/\/www.radiosanctispiritus.cu\/es\/wp-json\/wp\/v2\/posts\/61966","targetHints":{"allow":["GET"]}}],"collection":[{"href":"https:\/\/www.radiosanctispiritus.cu\/es\/wp-json\/wp\/v2\/posts"}],"about":[{"href":"https:\/\/www.radiosanctispiritus.cu\/es\/wp-json\/wp\/v2\/types\/post"}],"author":[{"embeddable":true,"href":"https:\/\/www.radiosanctispiritus.cu\/es\/wp-json\/wp\/v2\/users\/26"}],"replies":[{"embeddable":true,"href":"https:\/\/www.radiosanctispiritus.cu\/es\/wp-json\/wp\/v2\/comments?post=61966"}],"version-history":[{"count":1,"href":"https:\/\/www.radiosanctispiritus.cu\/es\/wp-json\/wp\/v2\/posts\/61966\/revisions"}],"predecessor-version":[{"id":61968,"href":"https:\/\/www.radiosanctispiritus.cu\/es\/wp-json\/wp\/v2\/posts\/61966\/revisions\/61968"}],"wp:featuredmedia":[{"embeddable":true,"href":"https:\/\/www.radiosanctispiritus.cu\/es\/wp-json\/wp\/v2\/media\/61967"}],"wp:attachment":[{"href":"https:\/\/www.radiosanctispiritus.cu\/es\/wp-json\/wp\/v2\/media?parent=61966"}],"wp:term":[{"taxonomy":"category","embeddable":true,"href":"https:\/\/www.radiosanctispiritus.cu\/es\/wp-json\/wp\/v2\/categories?post=61966"},{"taxonomy":"post_tag","embeddable":true,"href":"https:\/\/www.radiosanctispiritus.cu\/es\/wp-json\/wp\/v2\/tags?post=61966"},{"taxonomy":"author","embeddable":true,"href":"https:\/\/www.radiosanctispiritus.cu\/es\/wp-json\/wp\/v2\/coauthors?post=61966"}],"curies":[{"name":"wp","href":"https:\/\/api.w.org\/{rel}","templated":true}]}}