{"id":61933,"date":"2026-01-22T17:41:37","date_gmt":"2026-01-22T22:41:37","guid":{"rendered":"https:\/\/www.radiosanctispiritus.cu\/es\/?p=61933"},"modified":"2026-01-22T17:41:37","modified_gmt":"2026-01-22T22:41:37","slug":"homenaje-azucarero-a-jesus-menendez","status":"publish","type":"post","link":"https:\/\/www.radiosanctispiritus.cu\/es\/homenaje-azucarero-a-jesus-menendez\/","title":{"rendered":"Homenaje azucarero a Jes\u00fas Men\u00e9ndez"},"content":{"rendered":"<p>Los trabajadores del az\u00facar evocan la memoria de su l\u00edder Jes\u00fas Men\u00e9ndez, s\u00edmbolo de dignidad obrera y defensa de los derechos laborales en Cuba. En su honor, los poetas levantan la voz con la d\u00e9cima, esa forma popular que une tradici\u00f3n y resistencia, recreando en versos la lucha y el legado de quien fue llamado el \u201cGeneral de las Ca\u00f1averales\u201d.<\/p>\n<p><iframe src=\"https:\/\/www.ivoox.com\/player_ej_167196605_6_1.html?c1=4b8f53\" width=\"100%\" height=\"200\" frameborder=\"0\" scrolling=\"no\" allowfullscreen=\"allowfullscreen\"><\/iframe><\/p>\n","protected":false},"excerpt":{"rendered":"<p>Los trabajadores del az\u00facar evocan la memoria de su l\u00edder Jes\u00fas Men\u00e9ndez, s\u00edmbolo de dignidad obrera y defensa de los derechos laborales en Cuba.<\/p>\n","protected":false},"author":4,"featured_media":61934,"comment_status":"open","ping_status":"open","sticky":false,"template":"","format":"audio","meta":{"_acf_changed":false,"footnotes":""},"categories":[10,1282],"tags":[],"coauthors":[1883],"class_list":["post-61933","post","type-post","status-publish","format-audio","has-post-thumbnail","hentry","category-programas-de-radio","category-guateque-en-la-agricultura","post_format-post-format-audio"],"acf":[],"_links":{"self":[{"href":"https:\/\/www.radiosanctispiritus.cu\/es\/wp-json\/wp\/v2\/posts\/61933","targetHints":{"allow":["GET"]}}],"collection":[{"href":"https:\/\/www.radiosanctispiritus.cu\/es\/wp-json\/wp\/v2\/posts"}],"about":[{"href":"https:\/\/www.radiosanctispiritus.cu\/es\/wp-json\/wp\/v2\/types\/post"}],"author":[{"embeddable":true,"href":"https:\/\/www.radiosanctispiritus.cu\/es\/wp-json\/wp\/v2\/users\/4"}],"replies":[{"embeddable":true,"href":"https:\/\/www.radiosanctispiritus.cu\/es\/wp-json\/wp\/v2\/comments?post=61933"}],"version-history":[{"count":1,"href":"https:\/\/www.radiosanctispiritus.cu\/es\/wp-json\/wp\/v2\/posts\/61933\/revisions"}],"predecessor-version":[{"id":61935,"href":"https:\/\/www.radiosanctispiritus.cu\/es\/wp-json\/wp\/v2\/posts\/61933\/revisions\/61935"}],"wp:featuredmedia":[{"embeddable":true,"href":"https:\/\/www.radiosanctispiritus.cu\/es\/wp-json\/wp\/v2\/media\/61934"}],"wp:attachment":[{"href":"https:\/\/www.radiosanctispiritus.cu\/es\/wp-json\/wp\/v2\/media?parent=61933"}],"wp:term":[{"taxonomy":"category","embeddable":true,"href":"https:\/\/www.radiosanctispiritus.cu\/es\/wp-json\/wp\/v2\/categories?post=61933"},{"taxonomy":"post_tag","embeddable":true,"href":"https:\/\/www.radiosanctispiritus.cu\/es\/wp-json\/wp\/v2\/tags?post=61933"},{"taxonomy":"author","embeddable":true,"href":"https:\/\/www.radiosanctispiritus.cu\/es\/wp-json\/wp\/v2\/coauthors?post=61933"}],"curies":[{"name":"wp","href":"https:\/\/api.w.org\/{rel}","templated":true}]}}