{"id":61921,"date":"2026-01-22T14:52:44","date_gmt":"2026-01-22T19:52:44","guid":{"rendered":"https:\/\/www.radiosanctispiritus.cu\/es\/?p=61921"},"modified":"2026-01-22T14:52:44","modified_gmt":"2026-01-22T19:52:44","slug":"fallece-alfredo-rodriguez-voz-iconica-de-la-musica-cubana","status":"publish","type":"post","link":"https:\/\/www.radiosanctispiritus.cu\/es\/fallece-alfredo-rodriguez-voz-iconica-de-la-musica-cubana\/","title":{"rendered":"Fallece Alfredo Rodr\u00edguez, voz ic\u00f3nica de la m\u00fasica cubana"},"content":{"rendered":"<p class=\"ds-markdown-paragraph\">Con profundo pesar, el mundo de la cultura cubana despide a uno de sus cantantes m\u00e1s queridos y emblem\u00e1ticos, Alfredo Rodr\u00edguez, quien falleci\u00f3 hoy a los 74 a\u00f1os. La noticia fue confirmada oficialmente mediante una\u00a0<strong>nota de prensa publicada en la p\u00e1gina oficial de Facebook del Instituto Cubano de la M\u00fasica (ICM).<\/strong><\/p>\n<p class=\"ds-markdown-paragraph\">En la publicaci\u00f3n, el ICM, junto al Ministerio de Cultura, expres\u00f3 su \u00abprofundo dolor\u00bb y extendi\u00f3 las \u00abm\u00e1s sentidas condolencias\u00bb a familiares y amigos del artista. La instituci\u00f3n destac\u00f3 que \u00abAlfredito deja un legado inmenso y una huella imborrable\u00bb y asegur\u00f3 que su recuerdo \u00abvivir\u00e1 siempre en los corazones\u00bb de quienes admiraron su dilatada vida art\u00edstica.<\/p>\n<p><iframe style=\"border: none; overflow: hidden;\" src=\"https:\/\/www.facebook.com\/plugins\/post.php?href=https%3A%2F%2Fwww.facebook.com%2Fmusicubana%2Fposts%2Fpfbid02BC6N2LAozs9mwv8JnzfLBKXzqnnksJxYPC75wUhjyZypgFpmo8B9ckFGYr4hKnGXl&amp;show_text=true&amp;width=500\" width=\"500\" height=\"699\" frameborder=\"0\" scrolling=\"no\" allowfullscreen=\"allowfullscreen\"><\/iframe><\/p>\n<h2 class=\"ds-markdown-paragraph\"><strong>Un adi\u00f3s p\u00fablico en las redes sociales<\/strong><\/h2>\n<p class=\"ds-markdown-paragraph\">El impacto de la noticia y el homenaje personal llegaron de manera inmediata a trav\u00e9s de las redes sociales. En su perfil personal de\u00a0<strong>Facebook<\/strong>, su hijo, el tambi\u00e9n m\u00fasico Alfredo Rodr\u00edguez (hijo), comparti\u00f3 un emotivo y desgarrador mensaje de despedida.<\/p>\n<p class=\"ds-markdown-paragraph\">Bajo la publicaci\u00f3n, que comenzaba con las palabras \u00abVuela alto, pap\u00e1\u00bb, el joven artista rindi\u00f3 tributo a la integridad y coherencia de su padre. \u00abFuiste fiel a tu m\u00fasica, a tu p\u00fablico, a tus principios, a tus ideales, a tus ra\u00edces y m\u00e1s importante a\u00fan, a nuestra familia\u00bb, escribi\u00f3, reconociendo en su padre la inspiraci\u00f3n para \u00abluchar por mis sue\u00f1os sin importar qu\u00e9 tan altos a veces puedan ser los obst\u00e1culos\u00bb.<\/p>\n<h2 class=\"ds-markdown-paragraph\"><strong>La gira ser\u00e1 un homenaje<\/strong><\/h2>\n<p class=\"ds-markdown-paragraph\">En un giro del destino cargado de simbolismo, el hijo anunci\u00f3 en su publicaci\u00f3n que los planes profesionales inmediatos se transformar\u00e1n en tributo. El lanzamiento de su nuevo disco, programado para este viernes, y el inicio de una gira, se convertir\u00e1n ahora en un homenaje p\u00fablico.<\/p>\n<p class=\"ds-markdown-paragraph\">\u00abEstar\u00e9 en el escenario celebrando tu vida y todo lo que vivimos juntos. Seguir\u00e9 Pa\u00b4lante y Pa\u00b4lante como t\u00fa hubieras querido\u00bb, prometi\u00f3 en su post, cerrando con la esperanza de un reencuentro futuro.<\/p>\n<p class=\"ds-markdown-paragraph\">La partida de Alfredo Rodr\u00edguez, confirmada y lamentada a trav\u00e9s de comunicados oficiales y personales en la principal red social, deja un vac\u00edo en la cultura cubana. Sin embargo, su legado pervivir\u00e1 no solo en su vasta discograf\u00eda, sino tambi\u00e9n en el compromiso de las nuevas generaciones, como la de su hijo, que promete honrar su nombre en cada escenario.<\/p>\n<p><iframe style=\"border: none; overflow: hidden;\" src=\"https:\/\/www.facebook.com\/plugins\/post.php?href=https%3A%2F%2Fwww.facebook.com%2Falfredorodriguezmusic%2Fposts%2Fpfbid0377ynvwXuRumqc9KZsHR8L4BoesHHRUUXMWucfW2xuHtD73fKJasGmcGugSQ7hbXSl&amp;show_text=true&amp;width=500\" width=\"500\" height=\"782\" frameborder=\"0\" scrolling=\"no\" allowfullscreen=\"allowfullscreen\"><\/iframe><\/p>\n","protected":false},"excerpt":{"rendered":"<p>Con profundo pesar, el mundo de la cultura cubana despide a uno de sus cantantes m\u00e1s queridos y emblem\u00e1ticos, Alfredo Rodr\u00edguez, quien falleci\u00f3 hoy a los 74 a\u00f1os. La noticia fue confirmada oficialmente mediante una\u00a0nota de prensa publicada en la p\u00e1gina oficial de Facebook del Instituto Cubano de la M\u00fasica (ICM). En la publicaci\u00f3n, el [&hellip;]<\/p>\n","protected":false},"author":4,"featured_media":61924,"comment_status":"open","ping_status":"open","sticky":false,"template":"","format":"standard","meta":{"_acf_changed":false,"footnotes":""},"categories":[8,3,6],"tags":[282,265],"coauthors":[1883],"class_list":["post-61921","post","type-post","status-publish","format-standard","has-post-thumbnail","hentry","category-noticia","category-cuba","category-cultura","tag-cultura","tag-cultura-cubana"],"acf":[],"_links":{"self":[{"href":"https:\/\/www.radiosanctispiritus.cu\/es\/wp-json\/wp\/v2\/posts\/61921","targetHints":{"allow":["GET"]}}],"collection":[{"href":"https:\/\/www.radiosanctispiritus.cu\/es\/wp-json\/wp\/v2\/posts"}],"about":[{"href":"https:\/\/www.radiosanctispiritus.cu\/es\/wp-json\/wp\/v2\/types\/post"}],"author":[{"embeddable":true,"href":"https:\/\/www.radiosanctispiritus.cu\/es\/wp-json\/wp\/v2\/users\/4"}],"replies":[{"embeddable":true,"href":"https:\/\/www.radiosanctispiritus.cu\/es\/wp-json\/wp\/v2\/comments?post=61921"}],"version-history":[{"count":1,"href":"https:\/\/www.radiosanctispiritus.cu\/es\/wp-json\/wp\/v2\/posts\/61921\/revisions"}],"predecessor-version":[{"id":61925,"href":"https:\/\/www.radiosanctispiritus.cu\/es\/wp-json\/wp\/v2\/posts\/61921\/revisions\/61925"}],"wp:featuredmedia":[{"embeddable":true,"href":"https:\/\/www.radiosanctispiritus.cu\/es\/wp-json\/wp\/v2\/media\/61924"}],"wp:attachment":[{"href":"https:\/\/www.radiosanctispiritus.cu\/es\/wp-json\/wp\/v2\/media?parent=61921"}],"wp:term":[{"taxonomy":"category","embeddable":true,"href":"https:\/\/www.radiosanctispiritus.cu\/es\/wp-json\/wp\/v2\/categories?post=61921"},{"taxonomy":"post_tag","embeddable":true,"href":"https:\/\/www.radiosanctispiritus.cu\/es\/wp-json\/wp\/v2\/tags?post=61921"},{"taxonomy":"author","embeddable":true,"href":"https:\/\/www.radiosanctispiritus.cu\/es\/wp-json\/wp\/v2\/coauthors?post=61921"}],"curies":[{"name":"wp","href":"https:\/\/api.w.org\/{rel}","templated":true}]}}