{"id":61909,"date":"2026-01-22T19:15:36","date_gmt":"2026-01-23T00:15:36","guid":{"rendered":"https:\/\/www.radiosanctispiritus.cu\/es\/?p=61909"},"modified":"2026-01-22T20:49:49","modified_gmt":"2026-01-23T01:49:49","slug":"proceso-de-categorizacion-docente-acontece-en-sector-educacional-de-yaguajay","status":"publish","type":"post","link":"https:\/\/www.radiosanctispiritus.cu\/es\/proceso-de-categorizacion-docente-acontece-en-sector-educacional-de-yaguajay\/","title":{"rendered":"Proceso de categorizaci\u00f3n docente acontece en sector educacional de Yaguajay"},"content":{"rendered":"<p>El proceso de categorizaci\u00f3n docente del presente curso escolar acontece en estos momentos en el sector educativo, una forma de superaci\u00f3n para los maestros de los diferentes niveles de ense\u00f1anza en Yaguajay.<\/p>\n<p>Al respecto del tema, conversamos ahora con el metod\u00f3logo de actividad cient\u00edfica y superaci\u00f3n de la Direcci\u00f3n General de Educaci\u00f3n en el municipio Andiaslien Quesada Morales: \u00abHasta el momento se nos han acercado 28 personas para comenzar el proceso de este curso. Son dos etapas. En octubre se lanza la convocatoria y en enero y febrero comienza la recogida de los documentos, la revisi\u00f3n de los expedientes y entonces de marzo a junio es organizar los tribunales y la defensa y la exposici\u00f3n de esos trabajos\u00bb.<\/p>\n<p><iframe src=\"https:\/\/www.ivoox.com\/player_ej_167189502_6_1.html?c1=7a0d0b\" width=\"100%\" height=\"200\" frameborder=\"0\" scrolling=\"no\" allowfullscreen=\"allowfullscreen\"><\/iframe><\/p>\n","protected":false},"excerpt":{"rendered":"<p>El proceso de categorizaci\u00f3n docente del presente curso escolar acontece en estos momentos en el sector educativo, una forma de superaci\u00f3n para los maestros de los diferentes niveles de ense\u00f1anza en Yaguajay.<\/p>\n","protected":false},"author":146,"featured_media":53499,"comment_status":"open","ping_status":"open","sticky":false,"template":"","format":"standard","meta":{"_acf_changed":false,"footnotes":""},"categories":[8,14,9,1],"tags":[29,106],"coauthors":[1922],"class_list":["post-61909","post","type-post","status-publish","format-standard","has-post-thumbnail","hentry","category-noticia","category-educacion","category-en-audio","category-sancti-spiritus","tag-educacion","tag-yaguajay"],"acf":[],"_links":{"self":[{"href":"https:\/\/www.radiosanctispiritus.cu\/es\/wp-json\/wp\/v2\/posts\/61909","targetHints":{"allow":["GET"]}}],"collection":[{"href":"https:\/\/www.radiosanctispiritus.cu\/es\/wp-json\/wp\/v2\/posts"}],"about":[{"href":"https:\/\/www.radiosanctispiritus.cu\/es\/wp-json\/wp\/v2\/types\/post"}],"author":[{"embeddable":true,"href":"https:\/\/www.radiosanctispiritus.cu\/es\/wp-json\/wp\/v2\/users\/146"}],"replies":[{"embeddable":true,"href":"https:\/\/www.radiosanctispiritus.cu\/es\/wp-json\/wp\/v2\/comments?post=61909"}],"version-history":[{"count":1,"href":"https:\/\/www.radiosanctispiritus.cu\/es\/wp-json\/wp\/v2\/posts\/61909\/revisions"}],"predecessor-version":[{"id":61910,"href":"https:\/\/www.radiosanctispiritus.cu\/es\/wp-json\/wp\/v2\/posts\/61909\/revisions\/61910"}],"wp:featuredmedia":[{"embeddable":true,"href":"https:\/\/www.radiosanctispiritus.cu\/es\/wp-json\/wp\/v2\/media\/53499"}],"wp:attachment":[{"href":"https:\/\/www.radiosanctispiritus.cu\/es\/wp-json\/wp\/v2\/media?parent=61909"}],"wp:term":[{"taxonomy":"category","embeddable":true,"href":"https:\/\/www.radiosanctispiritus.cu\/es\/wp-json\/wp\/v2\/categories?post=61909"},{"taxonomy":"post_tag","embeddable":true,"href":"https:\/\/www.radiosanctispiritus.cu\/es\/wp-json\/wp\/v2\/tags?post=61909"},{"taxonomy":"author","embeddable":true,"href":"https:\/\/www.radiosanctispiritus.cu\/es\/wp-json\/wp\/v2\/coauthors?post=61909"}],"curies":[{"name":"wp","href":"https:\/\/api.w.org\/{rel}","templated":true}]}}