{"id":61889,"date":"2026-01-21T22:09:35","date_gmt":"2026-01-22T03:09:35","guid":{"rendered":"https:\/\/www.radiosanctispiritus.cu\/es\/?p=61889"},"modified":"2026-01-22T12:06:19","modified_gmt":"2026-01-22T17:06:19","slug":"gobierno-cubano-expone-a-acreedores-su-situacion-recrudecida-por-el-bloqueo","status":"publish","type":"post","link":"https:\/\/www.radiosanctispiritus.cu\/es\/gobierno-cubano-expone-a-acreedores-su-situacion-recrudecida-por-el-bloqueo\/","title":{"rendered":"Gobierno cubano expone a acreedores su situaci\u00f3n, recrudecida por el bloqueo"},"content":{"rendered":"<p>El Gobierno de Cuba expuso este mi\u00e9rcoles a sus acreedores reunidos en el Club de Par\u00eds la situaci\u00f3n econ\u00f3mico-financiera que atraviesa la isla, agravada por el recrudecimiento del bloqueo estadounidense bajo la Administraci\u00f3n del presidente Donald Trump.<\/p>\n<p>Las partes sostuvieron en esta capital un encuentro de seguimiento al acuerdo alcanzado hace un a\u00f1o, cuando convinieron modificar cuestiones relacionadas con el pago de la deuda, pacto que ofreci\u00f3 a la naci\u00f3n antillana un mejor espacio para cumplir sus compromisos en el desafiante escenario econ\u00f3mico que enfrenta.<\/p>\n<p>La delegaci\u00f3n cubana la encabez\u00f3 el vice primer ministro Oscar P\u00e9rez-Oliva, a quien acompa\u00f1aron entre otros el ministro de Finanzas y Precios, Vladimir Regueiro, el embajador Otto Vaillant, y autoridades del Banco Central, de la Canciller\u00eda, de la Oficina Nacional de Estad\u00edstica e Informaci\u00f3n y del Ministerio del Comercio Exterior y la Inversi\u00f3n Extranjera.<\/p>\n<p>Por el Club de Par\u00eds dirigi\u00f3 la reuni\u00f3n su copresidente Thomas Revial.<\/p>\n<p>La parte cubana abord\u00f3 la situaci\u00f3n de la isla, la cual defini\u00f3 como compleja, a partir de las consecuencias del bloqueo econ\u00f3mico, comercial y financiero que Washington le impone por m\u00e1s de seis d\u00e9cadas, una pol\u00edtica recrudecida hasta niveles sin precedentes desde el regreso de Trump a la Casa Blanca en enero del 2025.<\/p>\n<p>Tambi\u00e9n actualiz\u00f3 al grupo de acreedores que integran Australia, Austria, B\u00e9lgica, Canad\u00e1, Dinamarca, Espa\u00f1a, Finlandia, Francia, Italia, Jap\u00f3n, Pa\u00edses Bajos, Suecia, Suiza y Reino Unido sobre recientes decisiones adoptadas en el pa\u00eds caribe\u00f1o para impulsar la econom\u00eda con un enfoque basado en el desarrollo sostenible.<\/p>\n<p>Tanto Cuba como el Club de Par\u00eds subrayaron el compromiso con la preservaci\u00f3n de los v\u00ednculos constructivos alcanzados y destacaron el papel de Francia al frente de la Secretar\u00eda del grupo de acreedores.<\/p>\n<p>De igual manera, se reconoci\u00f3 los esfuerzos de la mayor de las Antillas en funci\u00f3n del cumplimiento de lo pactado.<\/p>\n","protected":false},"excerpt":{"rendered":"<p>El Gobierno de Cuba expuso este mi\u00e9rcoles a sus acreedores reunidos en el Club de Par\u00eds la situaci\u00f3n econ\u00f3mico-financiera que atraviesa la isla, agravada por el recrudecimiento del bloqueo estadounidense bajo la Administraci\u00f3n del presidente Donald Trump.<\/p>\n","protected":false},"author":22,"featured_media":61890,"comment_status":"open","ping_status":"open","sticky":false,"template":"","format":"standard","meta":{"_acf_changed":false,"footnotes":""},"categories":[8,3,4],"tags":[962,963,964],"coauthors":[1882],"class_list":["post-61889","post","type-post","status-publish","format-standard","has-post-thumbnail","hentry","category-noticia","category-cuba","category-internacionales","tag-cuba-club-de-paris","tag-deuda","tag-economia-cubana"],"acf":[],"_links":{"self":[{"href":"https:\/\/www.radiosanctispiritus.cu\/es\/wp-json\/wp\/v2\/posts\/61889","targetHints":{"allow":["GET"]}}],"collection":[{"href":"https:\/\/www.radiosanctispiritus.cu\/es\/wp-json\/wp\/v2\/posts"}],"about":[{"href":"https:\/\/www.radiosanctispiritus.cu\/es\/wp-json\/wp\/v2\/types\/post"}],"author":[{"embeddable":true,"href":"https:\/\/www.radiosanctispiritus.cu\/es\/wp-json\/wp\/v2\/users\/22"}],"replies":[{"embeddable":true,"href":"https:\/\/www.radiosanctispiritus.cu\/es\/wp-json\/wp\/v2\/comments?post=61889"}],"version-history":[{"count":1,"href":"https:\/\/www.radiosanctispiritus.cu\/es\/wp-json\/wp\/v2\/posts\/61889\/revisions"}],"predecessor-version":[{"id":61891,"href":"https:\/\/www.radiosanctispiritus.cu\/es\/wp-json\/wp\/v2\/posts\/61889\/revisions\/61891"}],"wp:featuredmedia":[{"embeddable":true,"href":"https:\/\/www.radiosanctispiritus.cu\/es\/wp-json\/wp\/v2\/media\/61890"}],"wp:attachment":[{"href":"https:\/\/www.radiosanctispiritus.cu\/es\/wp-json\/wp\/v2\/media?parent=61889"}],"wp:term":[{"taxonomy":"category","embeddable":true,"href":"https:\/\/www.radiosanctispiritus.cu\/es\/wp-json\/wp\/v2\/categories?post=61889"},{"taxonomy":"post_tag","embeddable":true,"href":"https:\/\/www.radiosanctispiritus.cu\/es\/wp-json\/wp\/v2\/tags?post=61889"},{"taxonomy":"author","embeddable":true,"href":"https:\/\/www.radiosanctispiritus.cu\/es\/wp-json\/wp\/v2\/coauthors?post=61889"}],"curies":[{"name":"wp","href":"https:\/\/api.w.org\/{rel}","templated":true}]}}