{"id":61828,"date":"2026-01-21T05:28:27","date_gmt":"2026-01-21T10:28:27","guid":{"rendered":"https:\/\/www.radiosanctispiritus.cu\/es\/?p=61828"},"modified":"2026-01-20T23:45:37","modified_gmt":"2026-01-21T04:45:37","slug":"el-materno-de-las-semillas","status":"publish","type":"post","link":"https:\/\/www.radiosanctispiritus.cu\/es\/el-materno-de-las-semillas\/","title":{"rendered":"El \u201cmaterno\u201d de las semillas"},"content":{"rendered":"<p>Ubicada en el coraz\u00f3n de las rojas y f\u00e9rtiles tierras de Batey Colorado, la Finca de Semilla Yanet Ojeda, perteneciente al sistema de la agricultura urbana de la Empresa Agroindustrial Valle del Caonao, en el municipio de Yaguajay, se erige como el \u201cmaterno\u201d para las simientes que la tierra recibir\u00e1 para producir alimentos.<\/p>\n<p>En sus canteros y surcos que suman casi una decena de hect\u00e1reas, crecen la lechuga, col, tomate, pepino, papa, ma\u00edz, soya, frijoles negros y colorados y otros cultivos, que tiene como finalidad, aportar simientes para los productores del territorio.<\/p>\n<div id=\"attachment_61830\" style=\"width: 610px\" class=\"wp-caption aligncenter\"><img decoding=\"async\" aria-describedby=\"caption-attachment-61830\" class=\"size-medium wp-image-61830\" src=\"https:\/\/www.radiosanctispiritus.cu\/es\/wp-content\/uploads\/Semillas-q2-600x479.jpg\" alt=\"\" width=\"600\" height=\"479\" srcset=\"https:\/\/www.radiosanctispiritus.cu\/es\/wp-content\/uploads\/Semillas-q2-600x479.jpg 600w, https:\/\/www.radiosanctispiritus.cu\/es\/wp-content\/uploads\/Semillas-q2-1024x818.jpg 1024w, https:\/\/www.radiosanctispiritus.cu\/es\/wp-content\/uploads\/Semillas-q2-768x614.jpg 768w, https:\/\/www.radiosanctispiritus.cu\/es\/wp-content\/uploads\/Semillas-q2-1536x1227.jpg 1536w, https:\/\/www.radiosanctispiritus.cu\/es\/wp-content\/uploads\/Semillas-q2-2048x1636.jpg 2048w\" sizes=\"(max-width: 600px) 100vw, 600px\" \/><p id=\"caption-attachment-61830\" class=\"wp-caption-text\">El empleo de abonos org\u00e1nicos beneficia los suelos y plantaciones de la finca.<\/p><\/div>\n<p>Despu\u00e9s de un impasse, el escenario de la finca fue rescatado y a base de trabajo y sabidur\u00eda, su peque\u00f1o colectivo comienza a mostrar dividendos iniciales, sostenidos en aquello de que toda la tierra tiene que estar sembrada para que haya semillas y tambi\u00e9n alimentos.<\/p>\n<div id=\"attachment_61834\" style=\"width: 610px\" class=\"wp-caption aligncenter\"><img decoding=\"async\" aria-describedby=\"caption-attachment-61834\" class=\"size-medium wp-image-61834\" src=\"https:\/\/www.radiosanctispiritus.cu\/es\/wp-content\/uploads\/Semillas-q3-600x449.jpg\" alt=\"\" width=\"600\" height=\"449\" srcset=\"https:\/\/www.radiosanctispiritus.cu\/es\/wp-content\/uploads\/Semillas-q3-600x449.jpg 600w, https:\/\/www.radiosanctispiritus.cu\/es\/wp-content\/uploads\/Semillas-q3-1024x767.jpg 1024w, https:\/\/www.radiosanctispiritus.cu\/es\/wp-content\/uploads\/Semillas-q3-768x575.jpg 768w, https:\/\/www.radiosanctispiritus.cu\/es\/wp-content\/uploads\/Semillas-q3-1536x1150.jpg 1536w, https:\/\/www.radiosanctispiritus.cu\/es\/wp-content\/uploads\/Semillas-q3-2048x1534.jpg 2048w\" sizes=\"(max-width: 600px) 100vw, 600px\" \/><p id=\"caption-attachment-61834\" class=\"wp-caption-text\">El pepino, con la finalidad de producir semillas, reaparece en la finca.<\/p><\/div>\n<p>Un nuevo sistema reci\u00e9n instalado abrir\u00e1 las potencialidades del lugar, donde el uso de tecnolog\u00edas como el empleo de abonos org\u00e1nicos y proyectos que incluyen la lombricultura, beneficiar\u00e1n la raz\u00f3n de ser de la Finca de Semilla Yanet Ojeda, perteneciente al sistema de la agricultura urbana de la Empresa Agroindustrial Valle del Caonao.<\/p>\n<div id=\"attachment_61836\" style=\"width: 610px\" class=\"wp-caption aligncenter\"><img decoding=\"async\" aria-describedby=\"caption-attachment-61836\" class=\"size-medium wp-image-61836\" src=\"https:\/\/www.radiosanctispiritus.cu\/es\/wp-content\/uploads\/Semillas-q4-600x451.jpg\" alt=\"\" width=\"600\" height=\"451\" srcset=\"https:\/\/www.radiosanctispiritus.cu\/es\/wp-content\/uploads\/Semillas-q4-600x451.jpg 600w, https:\/\/www.radiosanctispiritus.cu\/es\/wp-content\/uploads\/Semillas-q4-1024x769.jpg 1024w, https:\/\/www.radiosanctispiritus.cu\/es\/wp-content\/uploads\/Semillas-q4-768x577.jpg 768w, https:\/\/www.radiosanctispiritus.cu\/es\/wp-content\/uploads\/Semillas-q4-1536x1154.jpg 1536w, https:\/\/www.radiosanctispiritus.cu\/es\/wp-content\/uploads\/Semillas-q4-2048x1538.jpg 2048w\" sizes=\"(max-width: 600px) 100vw, 600px\" \/><p id=\"caption-attachment-61836\" class=\"wp-caption-text\">La col tambi\u00e9n est\u00e1 presente entre los cultivos de la finca.<\/p><\/div>\n<div id=\"attachment_61837\" style=\"width: 610px\" class=\"wp-caption aligncenter\"><img decoding=\"async\" aria-describedby=\"caption-attachment-61837\" class=\"size-medium wp-image-61837\" src=\"https:\/\/www.radiosanctispiritus.cu\/es\/wp-content\/uploads\/Semillas-Q5-600x445.jpg\" alt=\"\" width=\"600\" height=\"445\" srcset=\"https:\/\/www.radiosanctispiritus.cu\/es\/wp-content\/uploads\/Semillas-Q5-600x445.jpg 600w, https:\/\/www.radiosanctispiritus.cu\/es\/wp-content\/uploads\/Semillas-Q5-1024x759.jpg 1024w, https:\/\/www.radiosanctispiritus.cu\/es\/wp-content\/uploads\/Semillas-Q5-768x569.jpg 768w, https:\/\/www.radiosanctispiritus.cu\/es\/wp-content\/uploads\/Semillas-Q5-1536x1139.jpg 1536w, https:\/\/www.radiosanctispiritus.cu\/es\/wp-content\/uploads\/Semillas-Q5-2048x1518.jpg 2048w\" sizes=\"(max-width: 600px) 100vw, 600px\" \/><p id=\"caption-attachment-61837\" class=\"wp-caption-text\">Un nuevo sistema de riego, ya instalado, beneficiar\u00e1 a los cultivos.<\/p><\/div>\n<div id=\"attachment_61838\" style=\"width: 610px\" class=\"wp-caption aligncenter\"><img decoding=\"async\" aria-describedby=\"caption-attachment-61838\" class=\"size-medium wp-image-61838\" src=\"https:\/\/www.radiosanctispiritus.cu\/es\/wp-content\/uploads\/Semillas-q6-600x404.jpg\" alt=\"\" width=\"600\" height=\"404\" srcset=\"https:\/\/www.radiosanctispiritus.cu\/es\/wp-content\/uploads\/Semillas-q6-600x404.jpg 600w, https:\/\/www.radiosanctispiritus.cu\/es\/wp-content\/uploads\/Semillas-q6-1024x689.jpg 1024w, https:\/\/www.radiosanctispiritus.cu\/es\/wp-content\/uploads\/Semillas-q6-768x517.jpg 768w, https:\/\/www.radiosanctispiritus.cu\/es\/wp-content\/uploads\/Semillas-q6-1536x1033.jpg 1536w, https:\/\/www.radiosanctispiritus.cu\/es\/wp-content\/uploads\/Semillas-q6-2048x1378.jpg 2048w\" sizes=\"(max-width: 600px) 100vw, 600px\" \/><p id=\"caption-attachment-61838\" class=\"wp-caption-text\">Producir semillas de frijol, una pretensi\u00f3n en marcha en la finca.<\/p><\/div>\n<div id=\"attachment_61840\" style=\"width: 610px\" class=\"wp-caption aligncenter\"><img decoding=\"async\" aria-describedby=\"caption-attachment-61840\" class=\"size-medium wp-image-61840\" src=\"https:\/\/www.radiosanctispiritus.cu\/es\/wp-content\/uploads\/Semillas-q7-600x400.jpg\" alt=\"\" width=\"600\" height=\"400\" srcset=\"https:\/\/www.radiosanctispiritus.cu\/es\/wp-content\/uploads\/Semillas-q7-600x400.jpg 600w, https:\/\/www.radiosanctispiritus.cu\/es\/wp-content\/uploads\/Semillas-q7-1024x683.jpg 1024w, https:\/\/www.radiosanctispiritus.cu\/es\/wp-content\/uploads\/Semillas-q7-768x512.jpg 768w, https:\/\/www.radiosanctispiritus.cu\/es\/wp-content\/uploads\/Semillas-q7-1536x1024.jpg 1536w, https:\/\/www.radiosanctispiritus.cu\/es\/wp-content\/uploads\/Semillas-q7-2048x1365.jpg 2048w\" sizes=\"(max-width: 600px) 100vw, 600px\" \/><p id=\"caption-attachment-61840\" class=\"wp-caption-text\">Plantaci\u00f3n de soya de la finca de semilla.<\/p><\/div>\n<div id=\"attachment_61841\" style=\"width: 610px\" class=\"wp-caption aligncenter\"><img decoding=\"async\" aria-describedby=\"caption-attachment-61841\" class=\"size-medium wp-image-61841\" src=\"https:\/\/www.radiosanctispiritus.cu\/es\/wp-content\/uploads\/Semillas-q8-600x419.jpg\" alt=\"\" width=\"600\" height=\"419\" srcset=\"https:\/\/www.radiosanctispiritus.cu\/es\/wp-content\/uploads\/Semillas-q8-600x419.jpg 600w, https:\/\/www.radiosanctispiritus.cu\/es\/wp-content\/uploads\/Semillas-q8-1024x714.jpg 1024w, https:\/\/www.radiosanctispiritus.cu\/es\/wp-content\/uploads\/Semillas-q8-768x536.jpg 768w, https:\/\/www.radiosanctispiritus.cu\/es\/wp-content\/uploads\/Semillas-q8-1536x1071.jpg 1536w, https:\/\/www.radiosanctispiritus.cu\/es\/wp-content\/uploads\/Semillas-q8-2048x1429.jpg 2048w\" sizes=\"(max-width: 600px) 100vw, 600px\" \/><p id=\"caption-attachment-61841\" class=\"wp-caption-text\">La finca de semilla es ahora un escenario donde todas las tierras est\u00e1n sembradas.<\/p><\/div>\n","protected":false},"excerpt":{"rendered":"<p>Ubicada en el coraz\u00f3n de las rojas y f\u00e9rtiles tierras de Batey Colorado, la Finca de Semilla Yanet Ojeda, perteneciente al sistema de la agricultura urbana de la Empresa Agroindustrial Valle del Caonao, en el municipio de Yaguajay, se erige como el \u201cmaterno\u201d para las simientes que la tierra recibir\u00e1 para producir alimentos.<\/p>\n","protected":false},"author":15,"featured_media":61829,"comment_status":"open","ping_status":"open","sticky":false,"template":"","format":"standard","meta":{"_acf_changed":false,"footnotes":""},"categories":[11,16,8,1],"tags":[585,619,1505,106],"coauthors":[1884],"class_list":["post-61828","post","type-post","status-publish","format-standard","has-post-thumbnail","hentry","category-fotorreportaje","category-economia","category-noticia","category-sancti-spiritus","tag-agricultura-urbana","tag-produccion-de-alimentos","tag-semillas-certificadas","tag-yaguajay"],"acf":[],"_links":{"self":[{"href":"https:\/\/www.radiosanctispiritus.cu\/es\/wp-json\/wp\/v2\/posts\/61828","targetHints":{"allow":["GET"]}}],"collection":[{"href":"https:\/\/www.radiosanctispiritus.cu\/es\/wp-json\/wp\/v2\/posts"}],"about":[{"href":"https:\/\/www.radiosanctispiritus.cu\/es\/wp-json\/wp\/v2\/types\/post"}],"author":[{"embeddable":true,"href":"https:\/\/www.radiosanctispiritus.cu\/es\/wp-json\/wp\/v2\/users\/15"}],"replies":[{"embeddable":true,"href":"https:\/\/www.radiosanctispiritus.cu\/es\/wp-json\/wp\/v2\/comments?post=61828"}],"version-history":[{"count":5,"href":"https:\/\/www.radiosanctispiritus.cu\/es\/wp-json\/wp\/v2\/posts\/61828\/revisions"}],"predecessor-version":[{"id":61842,"href":"https:\/\/www.radiosanctispiritus.cu\/es\/wp-json\/wp\/v2\/posts\/61828\/revisions\/61842"}],"wp:featuredmedia":[{"embeddable":true,"href":"https:\/\/www.radiosanctispiritus.cu\/es\/wp-json\/wp\/v2\/media\/61829"}],"wp:attachment":[{"href":"https:\/\/www.radiosanctispiritus.cu\/es\/wp-json\/wp\/v2\/media?parent=61828"}],"wp:term":[{"taxonomy":"category","embeddable":true,"href":"https:\/\/www.radiosanctispiritus.cu\/es\/wp-json\/wp\/v2\/categories?post=61828"},{"taxonomy":"post_tag","embeddable":true,"href":"https:\/\/www.radiosanctispiritus.cu\/es\/wp-json\/wp\/v2\/tags?post=61828"},{"taxonomy":"author","embeddable":true,"href":"https:\/\/www.radiosanctispiritus.cu\/es\/wp-json\/wp\/v2\/coauthors?post=61828"}],"curies":[{"name":"wp","href":"https:\/\/api.w.org\/{rel}","templated":true}]}}