{"id":61824,"date":"2026-01-21T05:15:41","date_gmt":"2026-01-21T10:15:41","guid":{"rendered":"https:\/\/www.radiosanctispiritus.cu\/es\/?p=61824"},"modified":"2026-01-21T06:46:23","modified_gmt":"2026-01-21T11:46:23","slug":"dialogan-raul-castro-y-diaz-canel-con-ministro-del-interior-de-rusia","status":"publish","type":"post","link":"https:\/\/www.radiosanctispiritus.cu\/es\/dialogan-raul-castro-y-diaz-canel-con-ministro-del-interior-de-rusia\/","title":{"rendered":"Dialogan Ra\u00fal Castro y D\u00edaz-Canel con Ministro del Interior de Rusia"},"content":{"rendered":"<p>El l\u00edder de la Revoluci\u00f3n cubana, Ra\u00fal Castro, dialog\u00f3 este martes en La Habana con el ministro del Interior de Rusia, General de la Polic\u00eda Vladimir Alexandrovich Kolokoltsev, quien realiza una visita de trabajo a la isla.<\/p>\n<p>Seg\u00fan una nota oficial a la que accedi\u00f3 Prensa Latina, Ra\u00fal recibi\u00f3 al ministro la tarde de este martes y durante el encuentro intercambiaron acerca de las excelentes relaciones entre las dos naciones.<\/p>\n<p>Ambos, tambi\u00e9n, manifestaron la voluntad de trabajar con el prop\u00f3sito de fortalecer esos v\u00ednculos.<\/p>\n<p>\u00abEn este contexto, el General de Ej\u00e9rcito Ra\u00fal Castro traslad\u00f3 afectuosos saludos al presidente de Rusia, Vladimir Putin\u00bb, a\u00f1ade la notificaci\u00f3n.<\/p>\n<p>Participaron adem\u00e1s del distinguido visitante, V\u00edctor Koronelli, embajador de Rusia en Cuba y otros miembros de la delegaci\u00f3n que lo acompa\u00f1an.<\/p>\n<p>Por la parte cubana estuvieron presentes el ministro del Interior, General de Cuerpo de Ej\u00e9rcito L\u00e1zaro Alberto \u00c1lvarez Casas, y otros jefes del citado organismo.<\/p>\n<p><strong>Recibe D\u00edaz-Canel a ministro del Interior de Rusia<\/strong><\/p>\n<p><img decoding=\"async\" class=\"size-medium wp-image-61825 aligncenter\" src=\"https:\/\/www.radiosanctispiritus.cu\/es\/wp-content\/uploads\/DC-jefe-policia-ruso-3-600x400.jpg\" alt=\"\" width=\"600\" height=\"400\" srcset=\"https:\/\/www.radiosanctispiritus.cu\/es\/wp-content\/uploads\/DC-jefe-policia-ruso-3-600x400.jpg 600w, https:\/\/www.radiosanctispiritus.cu\/es\/wp-content\/uploads\/DC-jefe-policia-ruso-3-1024x682.jpg 1024w, https:\/\/www.radiosanctispiritus.cu\/es\/wp-content\/uploads\/DC-jefe-policia-ruso-3-768x512.jpg 768w, https:\/\/www.radiosanctispiritus.cu\/es\/wp-content\/uploads\/DC-jefe-policia-ruso-3.jpg 1280w\" sizes=\"(max-width: 600px) 100vw, 600px\" \/><\/p>\n<p>El presidente de Cuba, Miguel D\u00edaz-Canel, recibi\u00f3 este martes al ministro del Interior de Rusia, General de la Polic\u00eda Vladimir Alexandorovich Kolokoltsev, quien inici\u00f3 una visita oficial a la naci\u00f3n caribe\u00f1a.<\/p>\n<p>D\u00edaz-Canel manifest\u00f3 que el fraternal encuentro tiene \u00abuna enorme significaci\u00f3n por el momento en que se hace\u00bb, refiri\u00f3 una rese\u00f1a del intercambio publicada en la p\u00e1gina de la Presidencia de la Rep\u00fablica.<\/p>\n<p>\u00abMuchas gracias por estar en Cuba\u00bb, expres\u00f3 el jefe de Estado al saludar a Kolokoltsev en el sal\u00f3n de reuniones del Palacio de la Revoluci\u00f3n, en el cual sostuvieron conversaciones.<\/p>\n<p>Por su parte, apunta el texto, \u00abel alto militar de la Federaci\u00f3n de Rusia le expres\u00f3 al mandatario su satisfacci\u00f3n por estar nuevamente en la isla, donde tiene amigos entra\u00f1ables\u00bb.<\/p>\n<p>\u00abEsta visita es una expresi\u00f3n m\u00e1s de toda la sensibilidad de la Federaci\u00f3n de Rusia, del partido, del gobierno, de las instituciones armadas y de usted. Hay sensibilidad, comprensi\u00f3n de nuestra situaci\u00f3n, y disposici\u00f3n a la ayuda y la cooperaci\u00f3n\u00bb, expres\u00f3 el mandatario cubano.<\/p>\n<p>Asimismo, \u00absubray\u00f3 la relevancia de la estancia del ministro del Interior ruso y sus compa\u00f1eros para intercambiar sobre la compleja situaci\u00f3n mundial, en el \u00e1rea de Am\u00e9rica Latina y el Caribe y en particular de Cuba\u00bb.<\/p>\n<p>Tambi\u00e9n record\u00f3 que en la anterior visita de Kolokoltsev, en noviembre de 2023, nuestro pa\u00eds enfrentaba el recrudecimiento del bloqueo, una amplia campa\u00f1a de intoxicaci\u00f3n medi\u00e1tica y los impactos por su inclusi\u00f3n en la espuria lista de pa\u00edses supuestamente patrocinadores del terrorismo.<\/p>\n<p>\u00abTodo eso ahora se mantiene, pero con mayor complejidad y una situaci\u00f3n muy impactada por los sucesos del 3 de enero\u00bb, se\u00f1al\u00f3.<\/p>\n<p>En el encuentro particip\u00f3 el General de Cuerpo de Ej\u00e9rcito L\u00e1zaro Alberto \u00c1lvarez Casas, ministro del Interior, y el General de Brigada Jes\u00fas Bur\u00f3n Tabit, viceministro, entre otros jefes del Ministerio del Interior.<\/p>\n<p>Por la parte rusa asisti\u00f3 V\u00edctor Koronelli, embajador de Rusia en Cuba, y el General Mayor de Servicios Internos, Alexandr A. Nikolaev, jefe de Secretar\u00eda del Ministro, entre otros altos oficiales de la instituci\u00f3n.<\/p>\n","protected":false},"excerpt":{"rendered":"<p>El l\u00edder de la Revoluci\u00f3n cubana, Ra\u00fal Castro, dialog\u00f3 este martes en La Habana con el ministro del Interior de Rusia, General de la Polic\u00eda Vladimir Alexandrovich Kolokoltsev, quien tambi\u00e9n fue recibido en esta propia jornada por el presidente Miguel D\u00edaz-Canel.<\/p>\n","protected":false},"author":22,"featured_media":61826,"comment_status":"open","ping_status":"open","sticky":false,"template":"","format":"standard","meta":{"_acf_changed":false,"footnotes":""},"categories":[8,3,4],"tags":[209,28,87],"coauthors":[1882],"class_list":["post-61824","post","type-post","status-publish","format-standard","has-post-thumbnail","hentry","category-noticia","category-cuba","category-internacionales","tag-cuba-rusia","tag-miguel-diaz-canel","tag-raul-castro"],"acf":[],"_links":{"self":[{"href":"https:\/\/www.radiosanctispiritus.cu\/es\/wp-json\/wp\/v2\/posts\/61824","targetHints":{"allow":["GET"]}}],"collection":[{"href":"https:\/\/www.radiosanctispiritus.cu\/es\/wp-json\/wp\/v2\/posts"}],"about":[{"href":"https:\/\/www.radiosanctispiritus.cu\/es\/wp-json\/wp\/v2\/types\/post"}],"author":[{"embeddable":true,"href":"https:\/\/www.radiosanctispiritus.cu\/es\/wp-json\/wp\/v2\/users\/22"}],"replies":[{"embeddable":true,"href":"https:\/\/www.radiosanctispiritus.cu\/es\/wp-json\/wp\/v2\/comments?post=61824"}],"version-history":[{"count":1,"href":"https:\/\/www.radiosanctispiritus.cu\/es\/wp-json\/wp\/v2\/posts\/61824\/revisions"}],"predecessor-version":[{"id":61827,"href":"https:\/\/www.radiosanctispiritus.cu\/es\/wp-json\/wp\/v2\/posts\/61824\/revisions\/61827"}],"wp:featuredmedia":[{"embeddable":true,"href":"https:\/\/www.radiosanctispiritus.cu\/es\/wp-json\/wp\/v2\/media\/61826"}],"wp:attachment":[{"href":"https:\/\/www.radiosanctispiritus.cu\/es\/wp-json\/wp\/v2\/media?parent=61824"}],"wp:term":[{"taxonomy":"category","embeddable":true,"href":"https:\/\/www.radiosanctispiritus.cu\/es\/wp-json\/wp\/v2\/categories?post=61824"},{"taxonomy":"post_tag","embeddable":true,"href":"https:\/\/www.radiosanctispiritus.cu\/es\/wp-json\/wp\/v2\/tags?post=61824"},{"taxonomy":"author","embeddable":true,"href":"https:\/\/www.radiosanctispiritus.cu\/es\/wp-json\/wp\/v2\/coauthors?post=61824"}],"curies":[{"name":"wp","href":"https:\/\/api.w.org\/{rel}","templated":true}]}}