{"id":61771,"date":"2026-01-20T05:38:16","date_gmt":"2026-01-20T10:38:16","guid":{"rendered":"https:\/\/www.radiosanctispiritus.cu\/es\/?p=61771"},"modified":"2026-01-19T23:12:27","modified_gmt":"2026-01-20T04:12:27","slug":"colaboracion-medica-espirituana-reafirma-su-compromiso-humanista-y-solidario","status":"publish","type":"post","link":"https:\/\/www.radiosanctispiritus.cu\/es\/colaboracion-medica-espirituana-reafirma-su-compromiso-humanista-y-solidario\/","title":{"rendered":"Colaboraci\u00f3n m\u00e9dica espirituana reafirma su compromiso humanista y solidario"},"content":{"rendered":"<p>Casi 750 colaboradores de la salud de la provincia de Sancti Sp\u00edritus prestan hoy servicio en 33 pa\u00edses como parte de la colaboraci\u00f3n m\u00e9dica cubana, una labor que mantiene a Venezuela como el destino con mayor n\u00famero de cooperantes.<\/p>\n<p>De acuerdo con Idania P\u00e9rez Lugo, jefa del Departamento Provincial de Colaboraci\u00f3n de la Direcci\u00f3n General de Salud, tambi\u00e9n existe una presencia significativa de profesionales espirituanos en Qatar, Angola, Argelia y M\u00e9xico, donde actualmente trabajan m\u00e1s de 100 colaboradores.<\/p>\n<p>\u00abTenemos representados hoy en 33 pa\u00edses, pero a lo largo de los a\u00f1os siempre ha existido una cooperaci\u00f3n. Ya nosotros venimos desarrollando toda esta actividad de colaboraci\u00f3n en pa\u00edses tanto de Am\u00e9rica Latina como en el resto del mundo. Hoy tenemos 743 colaboradores.<\/p>\n<p>\u00abEl mayor n\u00famero de los colaboradores de nosotros est\u00e1n en Venezuela. Tenemos colaboradores tambi\u00e9n en un n\u00famero significativo en Qatar, en Angola, en Argelia y en M\u00e9xico, que es la \u00faltima misi\u00f3n que comenzamos y que tenemos una representaci\u00f3n amplia. Tenemos m\u00e1s de 100 colaboradores hoy en M\u00e9xico\u00bb.<\/p>\n<p>P\u00e9rez Lugo subray\u00f3 que la mayor satisfacci\u00f3n de los trabajadores de la salud de espirituanos es regresar a la patria con el deber cumplido y la certeza de servir a quienes m\u00e1s lo necesitan.<\/p>\n<p>\u00abHasta ahora hemos desarrollado la colaboraci\u00f3n a lo largo de m\u00e1s de 60 a\u00f1os, que Cuba tiene colaboraci\u00f3n m\u00e9dica y creo que hay representaci\u00f3n espirituana desde los inicios de la colaboraci\u00f3n m\u00e9dica. Todo ha sido correcto, todos regresan con la satisfacci\u00f3n del deber cumplido. Esa es la meta que se propone y creo que eso es lo que todos cuando regresan a la patria vienen contentos, felices\u00bb.<\/p>\n<p>La colaboraci\u00f3n m\u00e9dica espirituana con presencia hoy en 33 pa\u00edses reafirma el compromiso humanista y solidario que ha distinguido por m\u00e1s de seis d\u00e9cadas a la salud p\u00fablica cubana en el mundo<\/p>\n","protected":false},"excerpt":{"rendered":"<p>Casi 750 colaboradores de la salud de la provincia de Sancti Sp\u00edritus prestan hoy servicio en 33 pa\u00edses como parte de la colaboraci\u00f3n m\u00e9dica cubana, una labor que mantiene a Venezuela como el destino con mayor n\u00famero de cooperantes.<\/p>\n","protected":false},"author":29,"featured_media":60863,"comment_status":"open","ping_status":"open","sticky":false,"template":"","format":"standard","meta":{"_acf_changed":false,"footnotes":""},"categories":[8,9,5,1],"tags":[63,1812,151],"coauthors":[1856],"class_list":["post-61771","post","type-post","status-publish","format-standard","has-post-thumbnail","hentry","category-noticia","category-en-audio","category-salud","category-sancti-spiritus","tag-colaboracion-medica","tag-salud-cubana","tag-solidaridad"],"acf":[],"_links":{"self":[{"href":"https:\/\/www.radiosanctispiritus.cu\/es\/wp-json\/wp\/v2\/posts\/61771","targetHints":{"allow":["GET"]}}],"collection":[{"href":"https:\/\/www.radiosanctispiritus.cu\/es\/wp-json\/wp\/v2\/posts"}],"about":[{"href":"https:\/\/www.radiosanctispiritus.cu\/es\/wp-json\/wp\/v2\/types\/post"}],"author":[{"embeddable":true,"href":"https:\/\/www.radiosanctispiritus.cu\/es\/wp-json\/wp\/v2\/users\/29"}],"replies":[{"embeddable":true,"href":"https:\/\/www.radiosanctispiritus.cu\/es\/wp-json\/wp\/v2\/comments?post=61771"}],"version-history":[{"count":2,"href":"https:\/\/www.radiosanctispiritus.cu\/es\/wp-json\/wp\/v2\/posts\/61771\/revisions"}],"predecessor-version":[{"id":61773,"href":"https:\/\/www.radiosanctispiritus.cu\/es\/wp-json\/wp\/v2\/posts\/61771\/revisions\/61773"}],"wp:featuredmedia":[{"embeddable":true,"href":"https:\/\/www.radiosanctispiritus.cu\/es\/wp-json\/wp\/v2\/media\/60863"}],"wp:attachment":[{"href":"https:\/\/www.radiosanctispiritus.cu\/es\/wp-json\/wp\/v2\/media?parent=61771"}],"wp:term":[{"taxonomy":"category","embeddable":true,"href":"https:\/\/www.radiosanctispiritus.cu\/es\/wp-json\/wp\/v2\/categories?post=61771"},{"taxonomy":"post_tag","embeddable":true,"href":"https:\/\/www.radiosanctispiritus.cu\/es\/wp-json\/wp\/v2\/tags?post=61771"},{"taxonomy":"author","embeddable":true,"href":"https:\/\/www.radiosanctispiritus.cu\/es\/wp-json\/wp\/v2\/coauthors?post=61771"}],"curies":[{"name":"wp","href":"https:\/\/api.w.org\/{rel}","templated":true}]}}