{"id":61743,"date":"2026-01-19T14:17:05","date_gmt":"2026-01-19T19:17:05","guid":{"rendered":"https:\/\/www.radiosanctispiritus.cu\/es\/?p=61743"},"modified":"2026-01-19T14:17:05","modified_gmt":"2026-01-19T19:17:05","slug":"venezuela-declaro-heroes-y-martires-de-la-nacion-a-cubanos-caidos","status":"publish","type":"post","link":"https:\/\/www.radiosanctispiritus.cu\/es\/venezuela-declaro-heroes-y-martires-de-la-nacion-a-cubanos-caidos\/","title":{"rendered":"Venezuela declar\u00f3 H\u00e9roes y M\u00e1rtires de la naci\u00f3n a cubanos ca\u00eddos"},"content":{"rendered":"<p>La Asamblea Nacional (AN) de Venezuela acord\u00f3 este lunes declarar H\u00e9roes y M\u00e1rtires de la naci\u00f3n bolivariana a los 32 combatientes cubanos ca\u00eddos en combate durante el ataque perpetrado por Estados Unidos el pasado 3 de enero.<\/p>\n<p>Tras anunciarse el acuerdo, el primer vicepresidente para la AN, Pedro Infante, destac\u00f3 la \u00absuperioridad infinita en lo moral, en el valor, en el coraje, en la dignidad\u00bb de los cubanos ante un enemigo superior en medios, tecnolog\u00eda y n\u00famero.<\/p>\n<p>\u00abExpresar sobre todo la admiraci\u00f3n por nuestros combatientes cubanos y venezolanos que, con mucha dignidad, con mucho coraje, con mucha valent\u00eda, plantaron cara al invasor, plantaron cara y se fajaron en una inferioridad abismal en t\u00e9rminos de tecnolog\u00eda militar, y de superioridad a\u00e9rea\u00bb, dijo.<\/p>\n<p>En la sede de la embajada de Cuba en Caracas, el secretario ejecutivo de la Alianza de los Pueblos de Nuestra Am\u00e9rica-Tratado de Libre Comercio, Rander Pe\u00f1a, expres\u00f3 el sentir de los pueblos y gobiernos que forman parte del bloque regional.<\/p>\n<p>\u00abHoy ellos se convierten en seres de luz que seguir\u00e1n siendo faro que nos seguir\u00e1 guiando por la batalla diaria, la batalla permanente. A ellos, \u00a1Honor y Gloria!; a sus familiares, todo nuestro abrazo infinito, nuestro amor, nuestro compromiso, nuestra admiraci\u00f3n a cada uno de ellos, porque formaron a hombre valientes, de bien, a hombres admirables\u00bb, afirm\u00f3.<\/p>\n<p>Por su parte, el embajador de Cuba en el pa\u00eds suramericano, Jorge Luis Mayo Fern\u00e1ndez, asegur\u00f3 haber \u00abrecibido con mucha emoci\u00f3n y satisfacci\u00f3n este acuerdo de la Asamblea Nacional\u00bb venezolana.<\/p>\n<p>\u00abLo hemos recibido en nombre del pueblo cubano, de sus familiares, de las madres, de las esposas, de los hijos de los 32 compa\u00f1eros ca\u00eddos en combate ante el imperialismo. Hemos reiterado a todo los compa\u00f1eros que nos han visitado nuestro compromiso inquebrantable\u00bb, enfatiz\u00f3.<\/p>\n","protected":false},"excerpt":{"rendered":"<p>La Asamblea Nacional de Venezuela acord\u00f3 este lunes declarar H\u00e9roes y M\u00e1rtires de la naci\u00f3n bolivariana a los 32 combatientes cubanos ca\u00eddos en combate durante el ataque perpetrado por Estados Unidos el pasado 3 de enero.<\/p>\n","protected":false},"author":22,"featured_media":60817,"comment_status":"open","ping_status":"open","sticky":false,"template":"","format":"standard","meta":{"_acf_changed":false,"footnotes":""},"categories":[8,3,4],"tags":[241],"coauthors":[1882],"class_list":["post-61743","post","type-post","status-publish","format-standard","has-post-thumbnail","hentry","category-noticia","category-cuba","category-internacionales","tag-cuba-venezuela"],"acf":[],"_links":{"self":[{"href":"https:\/\/www.radiosanctispiritus.cu\/es\/wp-json\/wp\/v2\/posts\/61743","targetHints":{"allow":["GET"]}}],"collection":[{"href":"https:\/\/www.radiosanctispiritus.cu\/es\/wp-json\/wp\/v2\/posts"}],"about":[{"href":"https:\/\/www.radiosanctispiritus.cu\/es\/wp-json\/wp\/v2\/types\/post"}],"author":[{"embeddable":true,"href":"https:\/\/www.radiosanctispiritus.cu\/es\/wp-json\/wp\/v2\/users\/22"}],"replies":[{"embeddable":true,"href":"https:\/\/www.radiosanctispiritus.cu\/es\/wp-json\/wp\/v2\/comments?post=61743"}],"version-history":[{"count":1,"href":"https:\/\/www.radiosanctispiritus.cu\/es\/wp-json\/wp\/v2\/posts\/61743\/revisions"}],"predecessor-version":[{"id":61744,"href":"https:\/\/www.radiosanctispiritus.cu\/es\/wp-json\/wp\/v2\/posts\/61743\/revisions\/61744"}],"wp:featuredmedia":[{"embeddable":true,"href":"https:\/\/www.radiosanctispiritus.cu\/es\/wp-json\/wp\/v2\/media\/60817"}],"wp:attachment":[{"href":"https:\/\/www.radiosanctispiritus.cu\/es\/wp-json\/wp\/v2\/media?parent=61743"}],"wp:term":[{"taxonomy":"category","embeddable":true,"href":"https:\/\/www.radiosanctispiritus.cu\/es\/wp-json\/wp\/v2\/categories?post=61743"},{"taxonomy":"post_tag","embeddable":true,"href":"https:\/\/www.radiosanctispiritus.cu\/es\/wp-json\/wp\/v2\/tags?post=61743"},{"taxonomy":"author","embeddable":true,"href":"https:\/\/www.radiosanctispiritus.cu\/es\/wp-json\/wp\/v2\/coauthors?post=61743"}],"curies":[{"name":"wp","href":"https:\/\/api.w.org\/{rel}","templated":true}]}}