{"id":61737,"date":"2026-01-19T15:08:28","date_gmt":"2026-01-19T20:08:28","guid":{"rendered":"https:\/\/www.radiosanctispiritus.cu\/es\/?p=61737"},"modified":"2026-01-19T14:02:45","modified_gmt":"2026-01-19T19:02:45","slug":"nuevo-parque-de-ambulancias-reforzara-sistema-cubano-de-urgencias-medicas","status":"publish","type":"post","link":"https:\/\/www.radiosanctispiritus.cu\/es\/nuevo-parque-de-ambulancias-reforzara-sistema-cubano-de-urgencias-medicas\/","title":{"rendered":"Nuevo parque de ambulancias reforzar\u00e1 sistema cubano de urgencias m\u00e9dicas"},"content":{"rendered":"<p>Como parte del programa de mejoramiento de los servicios de urgencias m\u00e9dicas, arribaron al pa\u00eds 50 nuevas ambulancias adquiridas por el Ministerio de Salud P\u00fablica con recursos del presupuesto del Estado.<\/p>\n<p>Estos equipos se pondr\u00e1n en servicio durante los pr\u00f3ximos d\u00edas, una vez concluyan las labores de puesta en marcha que realizan los especialistas y t\u00e9cnicos del proveedor, MCV Comercial S.A., de nuestro sistema del transporte.<\/p>\n<p>Se trata de veh\u00edculos modernos, de acuerdo con est\u00e1ndares internacionales para este tipo de servicios, que cuentan con equipamiento b\u00e1sico y facilidades para la instalaci\u00f3n de otros equipos de diagn\u00f3stico y reanimaci\u00f3n.<\/p>\n<p>Desde el punto de vista t\u00e9cnico, poseen una adecuada autonom\u00eda, son eficientes energ\u00e9ticamente y cuentan con el respaldo del servicio de mantenimiento que asegura su explotaci\u00f3n.<\/p>\n<p>Con la inserci\u00f3n de estos medios de transporte sanitario en el sistema de emergencias nacional, si bien todav\u00eda no se cubrir\u00eda la totalidad de la demanda, se dar\u00eda un paso m\u00e1s en beneficio de la salud de nuestro pueblo en la compleja situaci\u00f3n actual.<\/p>\n","protected":false},"excerpt":{"rendered":"<p>Como parte del programa de mejoramiento de los servicios de urgencias m\u00e9dicas, arribaron al pa\u00eds 50 nuevas ambulancias adquiridas por el Ministerio de Salud P\u00fablica con recursos del presupuesto del Estado.<\/p>\n","protected":false},"author":26,"featured_media":61738,"comment_status":"open","ping_status":"open","sticky":false,"template":"","format":"standard","meta":{"_acf_changed":false,"footnotes":""},"categories":[8,3,5],"tags":[2158,1812,1791],"coauthors":[1887],"class_list":["post-61737","post","type-post","status-publish","format-standard","has-post-thumbnail","hentry","category-noticia","category-cuba","category-salud","tag-ambulancias","tag-salud-cubana","tag-urgencias-medicas"],"acf":[],"_links":{"self":[{"href":"https:\/\/www.radiosanctispiritus.cu\/es\/wp-json\/wp\/v2\/posts\/61737","targetHints":{"allow":["GET"]}}],"collection":[{"href":"https:\/\/www.radiosanctispiritus.cu\/es\/wp-json\/wp\/v2\/posts"}],"about":[{"href":"https:\/\/www.radiosanctispiritus.cu\/es\/wp-json\/wp\/v2\/types\/post"}],"author":[{"embeddable":true,"href":"https:\/\/www.radiosanctispiritus.cu\/es\/wp-json\/wp\/v2\/users\/26"}],"replies":[{"embeddable":true,"href":"https:\/\/www.radiosanctispiritus.cu\/es\/wp-json\/wp\/v2\/comments?post=61737"}],"version-history":[{"count":1,"href":"https:\/\/www.radiosanctispiritus.cu\/es\/wp-json\/wp\/v2\/posts\/61737\/revisions"}],"predecessor-version":[{"id":61739,"href":"https:\/\/www.radiosanctispiritus.cu\/es\/wp-json\/wp\/v2\/posts\/61737\/revisions\/61739"}],"wp:featuredmedia":[{"embeddable":true,"href":"https:\/\/www.radiosanctispiritus.cu\/es\/wp-json\/wp\/v2\/media\/61738"}],"wp:attachment":[{"href":"https:\/\/www.radiosanctispiritus.cu\/es\/wp-json\/wp\/v2\/media?parent=61737"}],"wp:term":[{"taxonomy":"category","embeddable":true,"href":"https:\/\/www.radiosanctispiritus.cu\/es\/wp-json\/wp\/v2\/categories?post=61737"},{"taxonomy":"post_tag","embeddable":true,"href":"https:\/\/www.radiosanctispiritus.cu\/es\/wp-json\/wp\/v2\/tags?post=61737"},{"taxonomy":"author","embeddable":true,"href":"https:\/\/www.radiosanctispiritus.cu\/es\/wp-json\/wp\/v2\/coauthors?post=61737"}],"curies":[{"name":"wp","href":"https:\/\/api.w.org\/{rel}","templated":true}]}}