{"id":61660,"date":"2026-01-18T05:10:04","date_gmt":"2026-01-18T10:10:04","guid":{"rendered":"https:\/\/www.radiosanctispiritus.cu\/es\/?p=61660"},"modified":"2026-01-18T11:37:28","modified_gmt":"2026-01-18T16:37:28","slug":"la-cocteleria-cubana-sigue-ganando-prestigio","status":"publish","type":"post","link":"https:\/\/www.radiosanctispiritus.cu\/es\/la-cocteleria-cubana-sigue-ganando-prestigio\/","title":{"rendered":"La cocteler\u00eda cubana sigue ganando prestigio (+ fotos)"},"content":{"rendered":"<p>Tras la exitosa celebraci\u00f3n en Sancti Sp\u00edritus de los eventos Copa Campe\u00f3n de Campeones y Reinas del Bar, que reunieron a lo m\u00e1s selecto de la cocteler\u00eda cubana, conversamos con Eddis Naranjo Carrillo, presidente de la Asociaci\u00f3n Nacional de Cantineros de Cuba.<\/p>\n<p>En un ambiente marcado por la creatividad y el reconocimiento al talento femenino, el directivo comparti\u00f3 detalles sobre la creaci\u00f3n de estos encuentros, el presente de la cocteler\u00eda en la Isla y el papel creciente de las mujeres detr\u00e1s de la barra.<\/p>\n<p><strong>\u00bfC\u00f3mo surge la idea de organizar un evento exclusivo para mujeres cantineras?<\/strong><\/p>\n<p>\u00abEste proyecto nace a ra\u00edz de un certamen internacional celebrado en Atenas en 2023, donde una representante cubana obtuvo el primer lugar en su categor\u00eda. A partir de esa experiencia, decidimos que Cuba deb\u00eda contar con un evento propio dedicado a la mujer bartender. As\u00ed naci\u00f3 Reinas del Bar, concebido en conmemoraci\u00f3n del D\u00eda Internacional de la Mujer. Lo organizamos por regiones y culminamos en Sancti Spiritus, bajo la coordinaci\u00f3n de Maribel Reinoso, presidenta del comit\u00e9 femenino, quien ha tenido una trayectoria destacada en nuestra asociaci\u00f3n\u00bb.<\/p>\n<p><strong>\u00bfQu\u00e9 exigencias implica este certamen para las participantes?<\/strong><\/p>\n<p>\u00abEs un evento de gran rigor, porque las ganadoras se enfrentar\u00e1n a un campeonato mundial que tendr\u00e1 lugar del 7 al 9 de marzo en La Habana, en el hotel Coh\u00edba. All\u00ed competir\u00e1n representantes de 30 pa\u00edses seleccionados entre los 67 miembros de la International Bartenders Association. La tem\u00e1tica ser\u00e1 la cuban\u00eda, y las candidatas deben dominar el ingl\u00e9s y presentar cocteles con creatividad y t\u00e9cnica impecable. Queremos que Cuba vuelva a obtener premios en esa cita internacional\u00bb.<\/p>\n<p><strong>\u00bfC\u00f3mo eval\u00faa el estado actual de la cocteler\u00eda cubana?<\/strong><\/p>\n<p>\u00abA pesar de las dificultades, nuestra cocteler\u00eda sigue ganando prestigio. Recientemente, en un campeonato mundial celebrado en Macao, China, un cantinero cubano obtuvo el primer lugar en la categor\u00eda Beijing, lo que demuestra la calidad de nuestros profesionales. Estamos trabajando con las nuevas generaciones, j\u00f3venes que llegan con fuerza y preparaci\u00f3n, para asegurar el relevo y mantener viva la tradici\u00f3n\u00bb.<\/p>\n<p><img decoding=\"async\" class=\"size-medium wp-image-61692 aligncenter\" src=\"https:\/\/www.radiosanctispiritus.cu\/es\/wp-content\/uploads\/Cocteleria-2-600x450.jpg\" alt=\"\" width=\"600\" height=\"450\" srcset=\"https:\/\/www.radiosanctispiritus.cu\/es\/wp-content\/uploads\/Cocteleria-2-600x450.jpg 600w, https:\/\/www.radiosanctispiritus.cu\/es\/wp-content\/uploads\/Cocteleria-2-768x576.jpg 768w, https:\/\/www.radiosanctispiritus.cu\/es\/wp-content\/uploads\/Cocteleria-2.jpg 1020w\" sizes=\"(max-width: 600px) 100vw, 600px\" \/><\/p>\n<p><strong>\u00bfCu\u00e1l es la visi\u00f3n sobre la mujer detr\u00e1s de la barra hoy en d\u00eda?<\/strong><\/p>\n<p>\u00abHace algunos a\u00f1os la presencia femenina en la barra no era bien vista. Sin embargo, hemos trabajado para cambiar esa percepci\u00f3n. Hoy la mujer cantinera luce con elegancia, sus movimientos son limpios y aportan belleza al oficio. Queremos que cada vez m\u00e1s f\u00e9minas ocupen ese espacio, porque tienen preparaci\u00f3n, dedicaci\u00f3n y talento. Y no solo en Cuba: en todo el mundo la mujer bartender est\u00e1 ganando protagonismo\u00bb.<\/p>\n<p><img decoding=\"async\" class=\"size-medium wp-image-61693 aligncenter\" src=\"https:\/\/www.radiosanctispiritus.cu\/es\/wp-content\/uploads\/Cocteleria-3-600x450.jpg\" alt=\"\" width=\"600\" height=\"450\" srcset=\"https:\/\/www.radiosanctispiritus.cu\/es\/wp-content\/uploads\/Cocteleria-3-600x450.jpg 600w, https:\/\/www.radiosanctispiritus.cu\/es\/wp-content\/uploads\/Cocteleria-3-768x576.jpg 768w, https:\/\/www.radiosanctispiritus.cu\/es\/wp-content\/uploads\/Cocteleria-3.jpg 1020w\" sizes=\"(max-width: 600px) 100vw, 600px\" \/><\/p>\n<p><strong>\u00bfQu\u00e9 representaci\u00f3n femenina tiene actualmente la Asociaci\u00f3n Nacional de Cantineros de Cuba?<\/strong><\/p>\n<p>\u00abHoy contamos con 1,664 miembros en todo el pa\u00eds, de los cuales el 30 por ciento son mujeres. Es una cifra que sigue creciendo y que refleja el inter\u00e9s y la pasi\u00f3n de ellas por este arte\u00bb.<\/p>\n<p>El presidente de la Asociaci\u00f3n Nacional de Cantineros de Cuba destac\u00f3 que el evento Reinas del Bar y la Copa Campe\u00f3n de Campeones en Sancti Sp\u00edritus no solo consolid\u00f3 la presencia femenina en la cocteler\u00eda, sino que tambi\u00e9n reafirma el prestigio internacional del gremio.<\/p>\n<p><iframe src=\"https:\/\/www.ivoox.com\/player_ej_166903856_6_1.html?c1=7a0d0b\" width=\"100%\" height=\"200\" frameborder=\"0\" scrolling=\"no\" allowfullscreen=\"allowfullscreen\"><\/iframe><\/p>\n<p>La victoria de B\u00e1rbara Betancourt, de La Habana, en la Copa Campe\u00f3n de Campeones, y el triunfo de Kenia Borges Brot\u00f3n, de Varadero, en Reinas del Bar, son muestra del talento y la creatividad que distinguen a los bartenders cubanos. Con estos resultados, la isla se proyecta hacia el pr\u00f3ximo campeonato mundial con la confianza de que sus representantes volver\u00e1n a dejar huella en el escenario internacional.<\/p>\n<p><img decoding=\"async\" class=\"size-medium wp-image-61665 aligncenter\" src=\"https:\/\/www.radiosanctispiritus.cu\/es\/wp-content\/uploads\/cocyeleroa-600x450.jpg\" alt=\"\" width=\"600\" height=\"450\" srcset=\"https:\/\/www.radiosanctispiritus.cu\/es\/wp-content\/uploads\/cocyeleroa-600x450.jpg 600w, https:\/\/www.radiosanctispiritus.cu\/es\/wp-content\/uploads\/cocyeleroa.jpg 768w\" sizes=\"(max-width: 600px) 100vw, 600px\" \/><\/p>\n<p>&nbsp;<\/p>\n","protected":false},"excerpt":{"rendered":"<p>A pesar de las dificultades, nuestra cocteler\u00eda sigue ganando prestigio, sostiene Eddis Naranjo Carrillo, presidente de la Asociaci\u00f3n Nacional de Cantineros de Cuba,  tras la exitosa celebraci\u00f3n en Sancti Sp\u00edritus de los eventos Copa Campe\u00f3n de Campeones y Reinas del Bar. <\/p>\n","protected":false},"author":166,"featured_media":61690,"comment_status":"open","ping_status":"open","sticky":false,"template":"","format":"standard","meta":{"_acf_changed":false,"footnotes":""},"categories":[9,8,1],"tags":[1630],"coauthors":[1901],"class_list":["post-61660","post","type-post","status-publish","format-standard","has-post-thumbnail","hentry","category-en-audio","category-noticia","category-sancti-spiritus","tag-asociacion-de-cantineros"],"acf":[],"_links":{"self":[{"href":"https:\/\/www.radiosanctispiritus.cu\/es\/wp-json\/wp\/v2\/posts\/61660","targetHints":{"allow":["GET"]}}],"collection":[{"href":"https:\/\/www.radiosanctispiritus.cu\/es\/wp-json\/wp\/v2\/posts"}],"about":[{"href":"https:\/\/www.radiosanctispiritus.cu\/es\/wp-json\/wp\/v2\/types\/post"}],"author":[{"embeddable":true,"href":"https:\/\/www.radiosanctispiritus.cu\/es\/wp-json\/wp\/v2\/users\/166"}],"replies":[{"embeddable":true,"href":"https:\/\/www.radiosanctispiritus.cu\/es\/wp-json\/wp\/v2\/comments?post=61660"}],"version-history":[{"count":5,"href":"https:\/\/www.radiosanctispiritus.cu\/es\/wp-json\/wp\/v2\/posts\/61660\/revisions"}],"predecessor-version":[{"id":61696,"href":"https:\/\/www.radiosanctispiritus.cu\/es\/wp-json\/wp\/v2\/posts\/61660\/revisions\/61696"}],"wp:featuredmedia":[{"embeddable":true,"href":"https:\/\/www.radiosanctispiritus.cu\/es\/wp-json\/wp\/v2\/media\/61690"}],"wp:attachment":[{"href":"https:\/\/www.radiosanctispiritus.cu\/es\/wp-json\/wp\/v2\/media?parent=61660"}],"wp:term":[{"taxonomy":"category","embeddable":true,"href":"https:\/\/www.radiosanctispiritus.cu\/es\/wp-json\/wp\/v2\/categories?post=61660"},{"taxonomy":"post_tag","embeddable":true,"href":"https:\/\/www.radiosanctispiritus.cu\/es\/wp-json\/wp\/v2\/tags?post=61660"},{"taxonomy":"author","embeddable":true,"href":"https:\/\/www.radiosanctispiritus.cu\/es\/wp-json\/wp\/v2\/coauthors?post=61660"}],"curies":[{"name":"wp","href":"https:\/\/api.w.org\/{rel}","templated":true}]}}