{"id":61659,"date":"2026-01-18T05:17:00","date_gmt":"2026-01-18T10:17:00","guid":{"rendered":"https:\/\/www.radiosanctispiritus.cu\/es\/?p=61659"},"modified":"2026-01-18T12:04:20","modified_gmt":"2026-01-18T17:04:20","slug":"el-tres-y-el-laud-lloran-por-marcelo-lamas","status":"publish","type":"post","link":"https:\/\/www.radiosanctispiritus.cu\/es\/el-tres-y-el-laud-lloran-por-marcelo-lamas\/","title":{"rendered":"El tres y el laud lloran por Marcelo Lamas"},"content":{"rendered":"<p>Marcelo Lamas, el rey del tres y del la\u00fad, falleci\u00f3 el 15 de enero de 2026 en los Estados Unidos, donde residi\u00f3 en los \u00faltimos tiempos para ser atendido por su hija.<\/p>\n<p>Con 82 a\u00f1os reci\u00e9n cumplidos, el guajiro leg\u00edtimo de San Ambrosio, en el coraz\u00f3n hist\u00f3rico\u00a0 del Escambray, se despidi\u00f3 como la inmensa figura que esculpi\u00f3 a fuerza de virtuosismo y vocaci\u00f3n de servir.<br \/>\n<iframe src=\"https:\/\/www.ivoox.com\/player_ej_166908733_6_1.html?c1=cc0404\" width=\"100%\" height=\"200\" frameborder=\"0\" scrolling=\"no\" allowfullscreen=\"allowfullscreen\"><\/iframe><\/p>\n","protected":false},"excerpt":{"rendered":"<p>Marcelo Lamas, el rey del tres y del la\u00fad, falleci\u00f3 el 15 de enero de 2026 en los Estados Unidos. Con 82 a\u00f1os reci\u00e9n cumplidos, el guajiro leg\u00edtimo de San Ambrosio, en el coraz\u00f3n hist\u00f3rico\u00a0 del Escambray, se despidi\u00f3 como la inmensa figura que esculpi\u00f3 a fuerza de virtuosismo y vocaci\u00f3n de servir.<\/p>\n","protected":false},"author":12,"featured_media":61671,"comment_status":"open","ping_status":"open","sticky":false,"template":"","format":"standard","meta":{"_acf_changed":false,"footnotes":""},"categories":[6,9],"tags":[531,1783],"coauthors":[1864],"class_list":["post-61659","post","type-post","status-publish","format-standard","has-post-thumbnail","hentry","category-cultura","category-en-audio","tag-musica","tag-musica-campesina"],"acf":[],"_links":{"self":[{"href":"https:\/\/www.radiosanctispiritus.cu\/es\/wp-json\/wp\/v2\/posts\/61659","targetHints":{"allow":["GET"]}}],"collection":[{"href":"https:\/\/www.radiosanctispiritus.cu\/es\/wp-json\/wp\/v2\/posts"}],"about":[{"href":"https:\/\/www.radiosanctispiritus.cu\/es\/wp-json\/wp\/v2\/types\/post"}],"author":[{"embeddable":true,"href":"https:\/\/www.radiosanctispiritus.cu\/es\/wp-json\/wp\/v2\/users\/12"}],"replies":[{"embeddable":true,"href":"https:\/\/www.radiosanctispiritus.cu\/es\/wp-json\/wp\/v2\/comments?post=61659"}],"version-history":[{"count":4,"href":"https:\/\/www.radiosanctispiritus.cu\/es\/wp-json\/wp\/v2\/posts\/61659\/revisions"}],"predecessor-version":[{"id":61707,"href":"https:\/\/www.radiosanctispiritus.cu\/es\/wp-json\/wp\/v2\/posts\/61659\/revisions\/61707"}],"wp:featuredmedia":[{"embeddable":true,"href":"https:\/\/www.radiosanctispiritus.cu\/es\/wp-json\/wp\/v2\/media\/61671"}],"wp:attachment":[{"href":"https:\/\/www.radiosanctispiritus.cu\/es\/wp-json\/wp\/v2\/media?parent=61659"}],"wp:term":[{"taxonomy":"category","embeddable":true,"href":"https:\/\/www.radiosanctispiritus.cu\/es\/wp-json\/wp\/v2\/categories?post=61659"},{"taxonomy":"post_tag","embeddable":true,"href":"https:\/\/www.radiosanctispiritus.cu\/es\/wp-json\/wp\/v2\/tags?post=61659"},{"taxonomy":"author","embeddable":true,"href":"https:\/\/www.radiosanctispiritus.cu\/es\/wp-json\/wp\/v2\/coauthors?post=61659"}],"curies":[{"name":"wp","href":"https:\/\/api.w.org\/{rel}","templated":true}]}}