{"id":61644,"date":"2026-01-17T17:04:18","date_gmt":"2026-01-17T22:04:18","guid":{"rendered":"https:\/\/www.radiosanctispiritus.cu\/es\/?p=61644"},"modified":"2026-01-17T17:04:18","modified_gmt":"2026-01-17T22:04:18","slug":"dia-nacional-de-la-defensa-movio-a-yaguajay","status":"publish","type":"post","link":"https:\/\/www.radiosanctispiritus.cu\/es\/dia-nacional-de-la-defensa-movio-a-yaguajay\/","title":{"rendered":"D\u00eda Nacional de la Defensa movi\u00f3 a Yaguajay"},"content":{"rendered":"<p>Entrenar a dirigentes, cuadros, funcionarios, \u00f3rganos de direcci\u00f3n, estructuras y al Consejo de Defensa Municipal de Zona en el cumplimiento de las misiones en diversas contingencias, as\u00ed como elevar la preparaci\u00f3n para la guerra de todo el pueblo centraron las acciones del D\u00eda Nacional de la Defensa este s\u00e1bado en Yaguajay.<\/p>\n<p>La alarma a\u00e9rea justo en la Zona de Defensa La Loma inici\u00f3 la secuencia de ejercicios pr\u00e1cticos que tuvieron lugar en el municipio. Demostraciones de recepci\u00f3n de heridos, trabajo con armamentos, tiro, combates, entre otros, matizaron una jornada que puso a prueba el correcto cumplimiento de cada una de las medidas de disposici\u00f3n combativa.<\/p>\n<p><img decoding=\"async\" class=\"size-medium wp-image-61646 aligncenter\" src=\"https:\/\/www.radiosanctispiritus.cu\/es\/wp-content\/uploads\/Dia-defensa-yaguajay-2-600x303.jpg\" alt=\"\" width=\"600\" height=\"303\" srcset=\"https:\/\/www.radiosanctispiritus.cu\/es\/wp-content\/uploads\/Dia-defensa-yaguajay-2-600x303.jpg 600w, https:\/\/www.radiosanctispiritus.cu\/es\/wp-content\/uploads\/Dia-defensa-yaguajay-2-1024x517.jpg 1024w, https:\/\/www.radiosanctispiritus.cu\/es\/wp-content\/uploads\/Dia-defensa-yaguajay-2-768x388.jpg 768w, https:\/\/www.radiosanctispiritus.cu\/es\/wp-content\/uploads\/Dia-defensa-yaguajay-2.jpg 1040w\" sizes=\"(max-width: 600px) 100vw, 600px\" \/><\/p>\n<p>Unido a las actividades implementadas este s\u00e1bado en la cabecera municipal, en el resto de las 14 Zonas de Defensa del norte espirituano tambi\u00e9n se efectuaron iniciativas para enfrentar un posible estado de guerra y, al mismo tiempo, garantizar la protecci\u00f3n de la poblaci\u00f3n.<\/p>\n<p><iframe src=\"https:\/\/www.ivoox.com\/player_ej_166906464_6_1.html?c1=7a0d0b\" width=\"100%\" height=\"200\" frameborder=\"0\" scrolling=\"no\" allowfullscreen=\"allowfullscreen\"><\/iframe><\/p>\n","protected":false},"excerpt":{"rendered":"<p>Entrenar a dirigentes, cuadros, funcionarios, \u00f3rganos de direcci\u00f3n, estructuras y al Consejo de Defensa Municipal de Zona en el cumplimiento de las misiones en diversas contingencias, as\u00ed como elevar la preparaci\u00f3n para la guerra de todo el pueblo centraron las acciones del D\u00eda Nacional de la Defensa este s\u00e1bado en Yaguajay.<\/p>\n","protected":false},"author":140,"featured_media":61645,"comment_status":"open","ping_status":"open","sticky":false,"template":"","format":"standard","meta":{"_acf_changed":false,"footnotes":""},"categories":[8,9,1],"tags":[1053,44,1229,106],"coauthors":[1880,1888],"class_list":["post-61644","post","type-post","status-publish","format-standard","has-post-thumbnail","hentry","category-noticia","category-en-audio","category-sancti-spiritus","tag-alexis-lorente","tag-deivy-perez-martin","tag-dia-de-la-defensa","tag-yaguajay"],"acf":[],"_links":{"self":[{"href":"https:\/\/www.radiosanctispiritus.cu\/es\/wp-json\/wp\/v2\/posts\/61644","targetHints":{"allow":["GET"]}}],"collection":[{"href":"https:\/\/www.radiosanctispiritus.cu\/es\/wp-json\/wp\/v2\/posts"}],"about":[{"href":"https:\/\/www.radiosanctispiritus.cu\/es\/wp-json\/wp\/v2\/types\/post"}],"author":[{"embeddable":true,"href":"https:\/\/www.radiosanctispiritus.cu\/es\/wp-json\/wp\/v2\/users\/140"}],"replies":[{"embeddable":true,"href":"https:\/\/www.radiosanctispiritus.cu\/es\/wp-json\/wp\/v2\/comments?post=61644"}],"version-history":[{"count":2,"href":"https:\/\/www.radiosanctispiritus.cu\/es\/wp-json\/wp\/v2\/posts\/61644\/revisions"}],"predecessor-version":[{"id":61648,"href":"https:\/\/www.radiosanctispiritus.cu\/es\/wp-json\/wp\/v2\/posts\/61644\/revisions\/61648"}],"wp:featuredmedia":[{"embeddable":true,"href":"https:\/\/www.radiosanctispiritus.cu\/es\/wp-json\/wp\/v2\/media\/61645"}],"wp:attachment":[{"href":"https:\/\/www.radiosanctispiritus.cu\/es\/wp-json\/wp\/v2\/media?parent=61644"}],"wp:term":[{"taxonomy":"category","embeddable":true,"href":"https:\/\/www.radiosanctispiritus.cu\/es\/wp-json\/wp\/v2\/categories?post=61644"},{"taxonomy":"post_tag","embeddable":true,"href":"https:\/\/www.radiosanctispiritus.cu\/es\/wp-json\/wp\/v2\/tags?post=61644"},{"taxonomy":"author","embeddable":true,"href":"https:\/\/www.radiosanctispiritus.cu\/es\/wp-json\/wp\/v2\/coauthors?post=61644"}],"curies":[{"name":"wp","href":"https:\/\/api.w.org\/{rel}","templated":true}]}}