{"id":61619,"date":"2026-01-17T05:28:07","date_gmt":"2026-01-17T10:28:07","guid":{"rendered":"https:\/\/www.radiosanctispiritus.cu\/es\/?p=61619"},"modified":"2026-01-17T07:58:33","modified_gmt":"2026-01-17T12:58:33","slug":"homenaje-al-honor","status":"publish","type":"post","link":"https:\/\/www.radiosanctispiritus.cu\/es\/homenaje-al-honor\/","title":{"rendered":"Homenaje al honor"},"content":{"rendered":"<p>Cientos de taguasquenses se concentraron en la Plaza Martiana de la localidad, convocados por la historia e inspirados en el valeroso ejemplo de nuestros compa\u00f1eros ca\u00eddos en desigual combate en defensa de la dignidad de Venezuela y de Am\u00e9rica.<\/p>\n<p><img decoding=\"async\" class=\"size-medium wp-image-61623 aligncenter\" src=\"https:\/\/www.radiosanctispiritus.cu\/es\/wp-content\/uploads\/IMG-20260116-WA0049-600x270.jpg\" alt=\"\" width=\"600\" height=\"270\" srcset=\"https:\/\/www.radiosanctispiritus.cu\/es\/wp-content\/uploads\/IMG-20260116-WA0049-600x270.jpg 600w, https:\/\/www.radiosanctispiritus.cu\/es\/wp-content\/uploads\/IMG-20260116-WA0049-768x346.jpg 768w, https:\/\/www.radiosanctispiritus.cu\/es\/wp-content\/uploads\/IMG-20260116-WA0049.jpg 1000w\" sizes=\"(max-width: 600px) 100vw, 600px\" \/><\/p>\n<p>En una tarde invernal, el calor de pueblo y el patriotismo militante rindieron honor y gloria a esos bravos vencedores de la muerte, pues vivir\u00e1n eternamente en el recuerdo de sus hermanos.<\/p>\n<p><img decoding=\"async\" class=\"size-medium wp-image-61624 aligncenter\" src=\"https:\/\/www.radiosanctispiritus.cu\/es\/wp-content\/uploads\/IMG-20260116-WA0027-600x270.jpg\" alt=\"\" width=\"600\" height=\"270\" srcset=\"https:\/\/www.radiosanctispiritus.cu\/es\/wp-content\/uploads\/IMG-20260116-WA0027-600x270.jpg 600w, https:\/\/www.radiosanctispiritus.cu\/es\/wp-content\/uploads\/IMG-20260116-WA0027-768x346.jpg 768w, https:\/\/www.radiosanctispiritus.cu\/es\/wp-content\/uploads\/IMG-20260116-WA0027.jpg 1000w\" sizes=\"(max-width: 600px) 100vw, 600px\" \/><\/p>\n<p>La emotiva ceremonia estuvo presidida por Aliens Vera L\u00f3pez, primer secretario del Partido en el municipio.<\/p>\n<p><strong>Cabaigu\u00e1n se suma al tributo<\/strong><\/p>\n<p><img decoding=\"async\" class=\"size-medium wp-image-61633 aligncenter\" src=\"https:\/\/www.radiosanctispiritus.cu\/es\/wp-content\/uploads\/cabaiguan-1-1-600x392.jpg\" alt=\"\" width=\"600\" height=\"392\" srcset=\"https:\/\/www.radiosanctispiritus.cu\/es\/wp-content\/uploads\/cabaiguan-1-1-600x392.jpg 600w, https:\/\/www.radiosanctispiritus.cu\/es\/wp-content\/uploads\/cabaiguan-1-1-768x502.jpg 768w, https:\/\/www.radiosanctispiritus.cu\/es\/wp-content\/uploads\/cabaiguan-1-1.jpg 800w\" sizes=\"(max-width: 600px) 100vw, 600px\" \/><\/p>\n<p>Ni el anuncio de una lluvia que se esperaba fr\u00eda, ni el fr\u00edo de una tarde de enero m\u00e1s triste y nost\u00e1lgica de lo habitual, Ni el apag\u00f3n capaz de posponer los m\u00e1s sagrados deberes pudieron impedir que el pueblo cabaiguanense rindiera tributo a los 32 cubanos que cayeran la madrugada del 3 de enero pasado en la Rep\u00fablica Bolivariana de Venezuela, defendiendo la libertad y la soberan\u00eda de la hermana naci\u00f3n latinoamericana.<\/p>\n<p><img decoding=\"async\" class=\"size-medium wp-image-61634 aligncenter\" src=\"https:\/\/www.radiosanctispiritus.cu\/es\/wp-content\/uploads\/cabaiguan-4-600x400.jpg\" alt=\"\" width=\"600\" height=\"400\" srcset=\"https:\/\/www.radiosanctispiritus.cu\/es\/wp-content\/uploads\/cabaiguan-4-600x400.jpg 600w, https:\/\/www.radiosanctispiritus.cu\/es\/wp-content\/uploads\/cabaiguan-4-768x512.jpg 768w, https:\/\/www.radiosanctispiritus.cu\/es\/wp-content\/uploads\/cabaiguan-4.jpg 800w\" sizes=\"(max-width: 600px) 100vw, 600px\" \/><\/p>\n<p>Fue el parque Jos\u00e9 Mart\u00ed testigo de un encuentro en el que el dolor multiplicado convoc\u00f3 a la vigilia en homenaje al honor de quienes entregaron su vida solo para que la bota imperial no aplastara la dignidad de todo un pueblo.<\/p>\n<p><iframe src=\"https:\/\/www.ivoox.com\/player_ej_166883430_6_1.html\" width=\"100%\" height=\"200\" frameborder=\"0\" scrolling=\"no\" allowfullscreen=\"allowfullscreen\"><\/iframe><\/p>\n<p><strong>Im\u00e1genes del acto en La Sierpe<\/strong><\/p>\n<p><img decoding=\"async\" class=\"size-medium wp-image-61625 aligncenter\" src=\"https:\/\/www.radiosanctispiritus.cu\/es\/wp-content\/uploads\/IMG-20260116-WA0048-600x346.jpg\" alt=\"\" width=\"600\" height=\"346\" srcset=\"https:\/\/www.radiosanctispiritus.cu\/es\/wp-content\/uploads\/IMG-20260116-WA0048-600x346.jpg 600w, https:\/\/www.radiosanctispiritus.cu\/es\/wp-content\/uploads\/IMG-20260116-WA0048-768x443.jpg 768w, https:\/\/www.radiosanctispiritus.cu\/es\/wp-content\/uploads\/IMG-20260116-WA0048-305x175.jpg 305w, https:\/\/www.radiosanctispiritus.cu\/es\/wp-content\/uploads\/IMG-20260116-WA0048.jpg 996w\" sizes=\"(max-width: 600px) 100vw, 600px\" \/><\/p>\n<p><img decoding=\"async\" class=\"size-medium wp-image-61626 aligncenter\" src=\"https:\/\/www.radiosanctispiritus.cu\/es\/wp-content\/uploads\/IMG-20260116-WA0039-600x338.jpg\" alt=\"\" width=\"600\" height=\"338\" srcset=\"https:\/\/www.radiosanctispiritus.cu\/es\/wp-content\/uploads\/IMG-20260116-WA0039-600x338.jpg 600w, https:\/\/www.radiosanctispiritus.cu\/es\/wp-content\/uploads\/IMG-20260116-WA0039-768x432.jpg 768w, https:\/\/www.radiosanctispiritus.cu\/es\/wp-content\/uploads\/IMG-20260116-WA0039-960x540.jpg 960w, https:\/\/www.radiosanctispiritus.cu\/es\/wp-content\/uploads\/IMG-20260116-WA0039-605x340.jpg 605w, https:\/\/www.radiosanctispiritus.cu\/es\/wp-content\/uploads\/IMG-20260116-WA0039-290x163.jpg 290w, https:\/\/www.radiosanctispiritus.cu\/es\/wp-content\/uploads\/IMG-20260116-WA0039-460x259.jpg 460w, https:\/\/www.radiosanctispiritus.cu\/es\/wp-content\/uploads\/IMG-20260116-WA0039.jpg 1020w\" sizes=\"(max-width: 600px) 100vw, 600px\" \/><\/p>\n<p><img decoding=\"async\" class=\"size-medium wp-image-61627 aligncenter\" src=\"https:\/\/www.radiosanctispiritus.cu\/es\/wp-content\/uploads\/IMG-20260116-WA0038-600x338.jpg\" alt=\"\" width=\"600\" height=\"338\" srcset=\"https:\/\/www.radiosanctispiritus.cu\/es\/wp-content\/uploads\/IMG-20260116-WA0038-600x338.jpg 600w, https:\/\/www.radiosanctispiritus.cu\/es\/wp-content\/uploads\/IMG-20260116-WA0038-768x432.jpg 768w, https:\/\/www.radiosanctispiritus.cu\/es\/wp-content\/uploads\/IMG-20260116-WA0038-960x540.jpg 960w, https:\/\/www.radiosanctispiritus.cu\/es\/wp-content\/uploads\/IMG-20260116-WA0038-605x340.jpg 605w, https:\/\/www.radiosanctispiritus.cu\/es\/wp-content\/uploads\/IMG-20260116-WA0038-290x163.jpg 290w, https:\/\/www.radiosanctispiritus.cu\/es\/wp-content\/uploads\/IMG-20260116-WA0038-460x259.jpg 460w, https:\/\/www.radiosanctispiritus.cu\/es\/wp-content\/uploads\/IMG-20260116-WA0038.jpg 1020w\" sizes=\"(max-width: 600px) 100vw, 600px\" \/><\/p>\n<p><img decoding=\"async\" class=\"size-medium wp-image-61628 aligncenter\" src=\"https:\/\/www.radiosanctispiritus.cu\/es\/wp-content\/uploads\/IMG-20260116-WA0043-600x355.jpg\" alt=\"\" width=\"600\" height=\"355\" srcset=\"https:\/\/www.radiosanctispiritus.cu\/es\/wp-content\/uploads\/IMG-20260116-WA0043-600x355.jpg 600w, https:\/\/www.radiosanctispiritus.cu\/es\/wp-content\/uploads\/IMG-20260116-WA0043-768x455.jpg 768w, https:\/\/www.radiosanctispiritus.cu\/es\/wp-content\/uploads\/IMG-20260116-WA0043.jpg 969w\" sizes=\"(max-width: 600px) 100vw, 600px\" \/><\/p>\n<p><strong>Otros municipios<\/strong><\/p>\n<div id=\"attachment_61635\" style=\"width: 610px\" class=\"wp-caption aligncenter\"><img decoding=\"async\" aria-describedby=\"caption-attachment-61635\" class=\"size-medium wp-image-61635\" src=\"https:\/\/www.radiosanctispiritus.cu\/es\/wp-content\/uploads\/trinidad-3-3-600x355.jpg\" alt=\"\" width=\"600\" height=\"355\" srcset=\"https:\/\/www.radiosanctispiritus.cu\/es\/wp-content\/uploads\/trinidad-3-3-600x355.jpg 600w, https:\/\/www.radiosanctispiritus.cu\/es\/wp-content\/uploads\/trinidad-3-3-768x454.jpg 768w, https:\/\/www.radiosanctispiritus.cu\/es\/wp-content\/uploads\/trinidad-3-3.jpg 900w\" sizes=\"(max-width: 600px) 100vw, 600px\" \/><p id=\"caption-attachment-61635\" class=\"wp-caption-text\">Trinidad<\/p><\/div>\n<div id=\"attachment_61636\" style=\"width: 610px\" class=\"wp-caption aligncenter\"><img decoding=\"async\" aria-describedby=\"caption-attachment-61636\" class=\"size-medium wp-image-61636\" src=\"https:\/\/www.radiosanctispiritus.cu\/es\/wp-content\/uploads\/trinidad-2-3-600x398.jpg\" alt=\"\" width=\"600\" height=\"398\" srcset=\"https:\/\/www.radiosanctispiritus.cu\/es\/wp-content\/uploads\/trinidad-2-3-600x398.jpg 600w, https:\/\/www.radiosanctispiritus.cu\/es\/wp-content\/uploads\/trinidad-2-3.jpg 767w\" sizes=\"(max-width: 600px) 100vw, 600px\" \/><p id=\"caption-attachment-61636\" class=\"wp-caption-text\">Trinidad<\/p><\/div>\n<div id=\"attachment_61637\" style=\"width: 610px\" class=\"wp-caption aligncenter\"><img decoding=\"async\" aria-describedby=\"caption-attachment-61637\" class=\"size-medium wp-image-61637\" src=\"https:\/\/www.radiosanctispiritus.cu\/es\/wp-content\/uploads\/fomento-1-1-600x362.jpg\" alt=\"\" width=\"600\" height=\"362\" srcset=\"https:\/\/www.radiosanctispiritus.cu\/es\/wp-content\/uploads\/fomento-1-1-600x362.jpg 600w, https:\/\/www.radiosanctispiritus.cu\/es\/wp-content\/uploads\/fomento-1-1-768x463.jpg 768w, https:\/\/www.radiosanctispiritus.cu\/es\/wp-content\/uploads\/fomento-1-1.jpg 900w\" sizes=\"(max-width: 600px) 100vw, 600px\" \/><p id=\"caption-attachment-61637\" class=\"wp-caption-text\">Fomento<\/p><\/div>\n<div id=\"attachment_61638\" style=\"width: 610px\" class=\"wp-caption aligncenter\"><img decoding=\"async\" aria-describedby=\"caption-attachment-61638\" class=\"size-medium wp-image-61638\" src=\"https:\/\/www.radiosanctispiritus.cu\/es\/wp-content\/uploads\/jatibonico-3-600x450.jpg\" alt=\"\" width=\"600\" height=\"450\" srcset=\"https:\/\/www.radiosanctispiritus.cu\/es\/wp-content\/uploads\/jatibonico-3-600x450.jpg 600w, https:\/\/www.radiosanctispiritus.cu\/es\/wp-content\/uploads\/jatibonico-3.jpg 720w\" sizes=\"(max-width: 600px) 100vw, 600px\" \/><p id=\"caption-attachment-61638\" class=\"wp-caption-text\">Jatibonico<\/p><\/div>\n<div id=\"attachment_61639\" style=\"width: 610px\" class=\"wp-caption aligncenter\"><img decoding=\"async\" aria-describedby=\"caption-attachment-61639\" class=\"size-medium wp-image-61639\" src=\"https:\/\/www.radiosanctispiritus.cu\/es\/wp-content\/uploads\/jatinonico-1-720x525-1-600x438.jpg\" alt=\"\" width=\"600\" height=\"438\" srcset=\"https:\/\/www.radiosanctispiritus.cu\/es\/wp-content\/uploads\/jatinonico-1-720x525-1-600x438.jpg 600w, https:\/\/www.radiosanctispiritus.cu\/es\/wp-content\/uploads\/jatinonico-1-720x525-1.jpg 720w\" sizes=\"(max-width: 600px) 100vw, 600px\" \/><p id=\"caption-attachment-61639\" class=\"wp-caption-text\">Jatibonico<\/p><\/div>\n","protected":false},"excerpt":{"rendered":"<p>El tributo a los 32 combatientes cubanos ca\u00eddos durante la agresi\u00f3n de Estados Unidos a Venezuela se multiplic\u00f3 en la tarde de este viernes a todos municipios espirituanos, como a los del resto del pa\u00eds.<\/p>\n","protected":false},"author":17,"featured_media":61620,"comment_status":"open","ping_status":"open","sticky":false,"template":"","format":"standard","meta":{"_acf_changed":false,"footnotes":""},"categories":[8,3,1],"tags":[241,788,1215,213,301],"coauthors":[1870,1875,1872],"class_list":["post-61619","post","type-post","status-publish","format-standard","has-post-thumbnail","hentry","category-noticia","category-cuba","category-sancti-spiritus","tag-cuba-venezuela","tag-la-sierpe","tag-minfar","tag-minint","tag-taguasco"],"acf":[],"_links":{"self":[{"href":"https:\/\/www.radiosanctispiritus.cu\/es\/wp-json\/wp\/v2\/posts\/61619","targetHints":{"allow":["GET"]}}],"collection":[{"href":"https:\/\/www.radiosanctispiritus.cu\/es\/wp-json\/wp\/v2\/posts"}],"about":[{"href":"https:\/\/www.radiosanctispiritus.cu\/es\/wp-json\/wp\/v2\/types\/post"}],"author":[{"embeddable":true,"href":"https:\/\/www.radiosanctispiritus.cu\/es\/wp-json\/wp\/v2\/users\/17"}],"replies":[{"embeddable":true,"href":"https:\/\/www.radiosanctispiritus.cu\/es\/wp-json\/wp\/v2\/comments?post=61619"}],"version-history":[{"count":5,"href":"https:\/\/www.radiosanctispiritus.cu\/es\/wp-json\/wp\/v2\/posts\/61619\/revisions"}],"predecessor-version":[{"id":61642,"href":"https:\/\/www.radiosanctispiritus.cu\/es\/wp-json\/wp\/v2\/posts\/61619\/revisions\/61642"}],"wp:featuredmedia":[{"embeddable":true,"href":"https:\/\/www.radiosanctispiritus.cu\/es\/wp-json\/wp\/v2\/media\/61620"}],"wp:attachment":[{"href":"https:\/\/www.radiosanctispiritus.cu\/es\/wp-json\/wp\/v2\/media?parent=61619"}],"wp:term":[{"taxonomy":"category","embeddable":true,"href":"https:\/\/www.radiosanctispiritus.cu\/es\/wp-json\/wp\/v2\/categories?post=61619"},{"taxonomy":"post_tag","embeddable":true,"href":"https:\/\/www.radiosanctispiritus.cu\/es\/wp-json\/wp\/v2\/tags?post=61619"},{"taxonomy":"author","embeddable":true,"href":"https:\/\/www.radiosanctispiritus.cu\/es\/wp-json\/wp\/v2\/coauthors?post=61619"}],"curies":[{"name":"wp","href":"https:\/\/api.w.org\/{rel}","templated":true}]}}