{"id":61586,"date":"2026-01-16T14:48:22","date_gmt":"2026-01-16T19:48:22","guid":{"rendered":"https:\/\/www.radiosanctispiritus.cu\/es\/?p=61586"},"modified":"2026-01-18T11:54:55","modified_gmt":"2026-01-18T16:54:55","slug":"cuba-puede-contar-con-el-coraje-y-la-sensibilidad-de-los-espirituanos","status":"publish","type":"post","link":"https:\/\/www.radiosanctispiritus.cu\/es\/cuba-puede-contar-con-el-coraje-y-la-sensibilidad-de-los-espirituanos\/","title":{"rendered":"Cuba puede contar con el coraje y la sensibilidad de los espirituanos (+ fotos)"},"content":{"rendered":"<p>\u00abSancti Sp\u00edritus ratifica una vez m\u00e1s que Cuba puede contar con el coraje, pero tambi\u00e9n con la sensibilidad de los hijos de esta central provincia\u00bb, asegur\u00f3 este viernes Deivy P\u00e9rez Mart\u00edn, miembro del Comit\u00e9 Central del Partido y su primera secretaria en el territorio, al invitar a los habitantes de esta parte del pa\u00eds \u00aba rendir homenaje, de forma organizada y solemne, a los 32 combatientes ca\u00eddos en desigual enfrentamiento con las fuerzas norteamericanas que, hace apenas unos d\u00edas, destrozaron la paz de Venezuela y, con ella, la de toda Am\u00e9rica Latina\u00bb.<\/p>\n<p>La dirigente partidista intervino en el masivo acto desarrollado en la Plaza de la Revoluci\u00f3n Mayor General Seraf\u00edn S\u00e1nchez Valdivia como parte de las acciones desplegadas en el pa\u00eds\u00a0para rendir homenaje a quienes ofrendaron sus vidas en el cumplimiento de su deber internacionalista en la hermana Rep\u00fablica Bolivariana de Venezuela.<\/p>\n<p>\u201cNos re\u00fane el dolor, pero nos convocan los principios y la convicci\u00f3n de que los cubanos somos un pueblo duro, tal como se vio obligado a reconocer el terrible ser humano que hoy se sienta en la Casa Blanca\u201d, asegur\u00f3 la m\u00e1xima dirigente partidista espirituana, quien exhort\u00f3 a mantenernos firme en la defensa de la soberan\u00eda.<\/p>\n<p><strong>A continuaci\u00f3n ofrecemos el texto \u00edntegro del discurso de Deivy P\u00e9rez Mart\u00edn, miembro del Comit\u00e9 Central del Partido y su primera secretaria en Sancti Sp\u00edritus, en el masivo acto realizado en la ma\u00f1ana de este viernes en la Plaza de la Revoluci\u00f3n Mayor General Seraf\u00edn S\u00e1nchez Valdivia.<\/strong><\/p>\n<p><img decoding=\"async\" class=\"size-medium wp-image-61594 aligncenter\" src=\"https:\/\/www.radiosanctispiritus.cu\/es\/wp-content\/uploads\/homenaje-en-sancti-spiritus-a-los-caidos-en-venezuela-6-foto-alien-fernandez-600x379.jpg\" alt=\"\" width=\"600\" height=\"379\" srcset=\"https:\/\/www.radiosanctispiritus.cu\/es\/wp-content\/uploads\/homenaje-en-sancti-spiritus-a-los-caidos-en-venezuela-6-foto-alien-fernandez-600x379.jpg 600w, https:\/\/www.radiosanctispiritus.cu\/es\/wp-content\/uploads\/homenaje-en-sancti-spiritus-a-los-caidos-en-venezuela-6-foto-alien-fernandez-768x485.jpg 768w, https:\/\/www.radiosanctispiritus.cu\/es\/wp-content\/uploads\/homenaje-en-sancti-spiritus-a-los-caidos-en-venezuela-6-foto-alien-fernandez.jpg 900w\" sizes=\"(max-width: 600px) 100vw, 600px\" \/><\/p>\n<p>Compa\u00f1eras y compa\u00f1eros, hermanas y hermanos de la Patria:<\/p>\n<p>El dolor nos re\u00fane en este momento dif\u00edcil para Cuba, el dolor por los 32 compatriotas que murieron en el vil ataque perpetrado por Estados Unidos contra la Rep\u00fablica Bolivariana de Venezuela, con el deliberado prop\u00f3sito de secuestrar al presidente leg\u00edtimo de ese hermano pueblo, el compa\u00f1ero Nicol\u00e1s Maduro Moros, y su esposa Cilia Flores.<\/p>\n<p>El dolor nos re\u00fane en este homenaje p\u00f3stumo a los cubanos que, cumpliendo honrosas misiones en la naci\u00f3n de Bol\u00edvar, cayeron con las botas puestas, fieles a la tradici\u00f3n heroica de esta isla ind\u00f3mita. Nos re\u00fane el dolor, pero nos convocan los principios y la convicci\u00f3n de que los cubanos somos un pueblo duro, tal como se vio obligado a reconocer el terrible ser humano que hoy se sienta en la Casa Blanca.<\/p>\n<p>Estamos en este sitio, de alto valor simb\u00f3lico para los espirituanos, con el objetivo de rendir homenaje a los h\u00e9roes cubanos que, con su sangre y su ejemplo, encarnan un cap\u00edtulo m\u00e1s de la resistencia contra el imperialismo. Su sacrificio nos recuerda que la lucha por la libertad de los pueblos de Am\u00e9rica Latina no es un episodio aislado, sino una batalla constante contra la dominaci\u00f3n y la injusticia.<\/p>\n<p><img decoding=\"async\" class=\"size-medium wp-image-61595 aligncenter\" src=\"https:\/\/www.radiosanctispiritus.cu\/es\/wp-content\/uploads\/homenaje-en-sancti-spiritus-a-los-caidos-en-venezuela-4-foto-alien-fernandez-600x451.jpg\" alt=\"\" width=\"600\" height=\"451\" srcset=\"https:\/\/www.radiosanctispiritus.cu\/es\/wp-content\/uploads\/homenaje-en-sancti-spiritus-a-los-caidos-en-venezuela-4-foto-alien-fernandez-600x451.jpg 600w, https:\/\/www.radiosanctispiritus.cu\/es\/wp-content\/uploads\/homenaje-en-sancti-spiritus-a-los-caidos-en-venezuela-4-foto-alien-fernandez-768x577.jpg 768w, https:\/\/www.radiosanctispiritus.cu\/es\/wp-content\/uploads\/homenaje-en-sancti-spiritus-a-los-caidos-en-venezuela-4-foto-alien-fernandez.jpg 800w\" sizes=\"(max-width: 600px) 100vw, 600px\" \/><\/p>\n<p>Desde esta tierra, cuna de patriotas como Seraf\u00edn S\u00e1nchez Valdivia, que muri\u00f3 en combate defendiendo sus ideales, y escenario de encarnizadas batallas durante la \u00faltima etapa de lucha de nuestro pueblo por la definitiva independencia, en los meses finales de 1958; desde esta tierra, evocamos el legado de aquellos hombres que cayeron en el cumplimiento de sus misiones internacionalistas y en la defensa de la integridad f\u00edsica y geogr\u00e1fica del hermano pa\u00eds, que hace muchos a\u00f1os decidi\u00f3 libre y soberanamente su rumbo, al margen de tantas d\u00e9cadas de sometimiento a la hegemon\u00eda estadounidense.<\/p>\n<p>Ya lo advert\u00eda nuestro Comandante en Jefe Fidel Castro en los a\u00f1os m\u00e1s duros de la Revoluci\u00f3n: \u201cEl imperialismo norteamericano es el m\u00e1s poderoso enemigo de los pueblos del mundo, y especialmente de los pueblos de Am\u00e9rica Latina\u201d. Estas palabras siguen teniendo hoy una vigencia incuestionable, porque el gobierno norteamericano no descansa, no se detiene, no renuncia a sus ambiciones de control y saqueo.<\/p>\n<p>Jos\u00e9 Mart\u00ed lo resumi\u00f3 como nadie: \u201cLa muerte no es verdad cuando se ha cumplido bien la obra de la vida\u201d. Y los hombres a los que hoy rendimos merecido tributo no han muerto, porque entregaron su vida en la defensa de la soberan\u00eda y la solidaridad internacionalista. Cuba, fiel a su vocaci\u00f3n de justicia, nunca ha permanecido indiferente ante la agresi\u00f3n contra otros pueblos hermanos. Nuestros combatientes han estado presentes en Angola, en Etiop\u00eda, en Nicaragua, en Venezuela\u2026, llevando no solo armas, sino tambi\u00e9n m\u00e9dicos, maestros, ingenieros, llevando esperanza y dignidad.<\/p>\n<p>Ellos son parte de esa tradici\u00f3n que nos ense\u00f1\u00f3 Mart\u00ed cuando dijo que \u201cPatria es humanidad\u201d. Y son parte de la visi\u00f3n de Fidel, quien afirm\u00f3: \u201cMientras exista el imperialismo, el Partido y el pueblo tendr\u00e1n que luchar contra \u00e9l\u201d. Esa lucha no es abstracta: se expresa en cada acto de solidaridad, en cada resistencia frente a las agresiones, en cada vida entregada por la causa de los humildes. Por ello nuestros h\u00e9roes merecen el honor y la gloria, pues la Patria los contempla orgullosa.<\/p>\n<p><img decoding=\"async\" class=\"size-medium wp-image-61596 aligncenter\" src=\"https:\/\/www.radiosanctispiritus.cu\/es\/wp-content\/uploads\/homenaje-postumo-3-foto-alien-fernandez-600x400.jpg\" alt=\"\" width=\"600\" height=\"400\" srcset=\"https:\/\/www.radiosanctispiritus.cu\/es\/wp-content\/uploads\/homenaje-postumo-3-foto-alien-fernandez-600x400.jpg 600w, https:\/\/www.radiosanctispiritus.cu\/es\/wp-content\/uploads\/homenaje-postumo-3-foto-alien-fernandez-768x512.jpg 768w, https:\/\/www.radiosanctispiritus.cu\/es\/wp-content\/uploads\/homenaje-postumo-3-foto-alien-fernandez.jpg 800w\" sizes=\"(max-width: 600px) 100vw, 600px\" \/><\/p>\n<p>En el homenaje nacional a nuestros 32 compatriotas fallecidos, el presidente Miguel D\u00edaz-Canel Berm\u00fadez reafirm\u00f3 la continuidad hist\u00f3rica de la Revoluci\u00f3n y la fidelidad a los principios de solidaridad internacionalista. Con firmeza expres\u00f3: \u201cLa lealtad al legado de nuestros pr\u00f3ceres, de Fidel y de Ch\u00e1vez, es la br\u00fajula que gu\u00eda nuestras acciones presentes y futuras\u201d. Porque la sangre derramada por nuestros h\u00e9roes no fue en vano, sino que se convierte en compromiso con la justicia y la independencia de los pueblos.<\/p>\n<p>El mandatario record\u00f3 que la unidad entre nuestros pa\u00edses es la mayor fortaleza frente a las amenazas externas. \u201cNuestros h\u00e9roes nos ense\u00f1an que la solidaridad entre Cuba y Venezuela es indestructible, porque nace de la historia compartida y de la lucha com\u00fan contra el imperialismo\u201d. Con estas palabras, D\u00edaz-Canel nos invita a seguir construyendo juntos un futuro de independencia, justicia y paz, inspirado en el sacrificio de quienes hoy honramos.<\/p>\n<p><img decoding=\"async\" class=\"size-medium wp-image-61597 aligncenter\" src=\"https:\/\/www.radiosanctispiritus.cu\/es\/wp-content\/uploads\/homenaje-postumo-foto-alien-fernandez-600x400.jpg\" alt=\"\" width=\"600\" height=\"400\" srcset=\"https:\/\/www.radiosanctispiritus.cu\/es\/wp-content\/uploads\/homenaje-postumo-foto-alien-fernandez-600x400.jpg 600w, https:\/\/www.radiosanctispiritus.cu\/es\/wp-content\/uploads\/homenaje-postumo-foto-alien-fernandez-768x512.jpg 768w, https:\/\/www.radiosanctispiritus.cu\/es\/wp-content\/uploads\/homenaje-postumo-foto-alien-fernandez.jpg 800w\" sizes=\"(max-width: 600px) 100vw, 600px\" \/><\/p>\n<p>Ante esas pretensiones de soberan\u00eda y desarrollo aut\u00f3nomo de nuestros pueblos de Am\u00e9rica Latina, el imperialismo norteamericano ha sido, durante m\u00e1s de un siglo, la principal amenaza. Desde la doctrina Monroe en el siglo XIX hasta las m\u00e1s recientes sanciones econ\u00f3micas y campa\u00f1as medi\u00e1ticas, Estados Unidos ha pretendido erigirse en due\u00f1o y se\u00f1or de nuestro continente.<\/p>\n<p>Fidel lo denunci\u00f3 con valent\u00eda: \u201cEl imperialismo norteamericano ha sido capaz de cometer los m\u00e1s grandes cr\u00edmenes contra la humanidad en su af\u00e1n de dominar al mundo\u201d. Y la historia le dio la raz\u00f3n.<\/p>\n<p>Ah\u00ed est\u00e1n, todav\u00eda frescos en la memoria colectiva, el derrocamiento del presidente Jacobo \u00c1rbenz, en la Guatemala de 1954; la invasi\u00f3n a Playa Gir\u00f3n, en abril de 1961, intento desesperado de Estados Unidos por recuperar el control sobre Cuba que fue derrotado en menos de 72 horas; la conspiraci\u00f3n imperialista que apoy\u00f3 el golpe militar que derroc\u00f3 al presidente Salvador Allende e instaur\u00f3 la dictadura sangrienta de Augusto Pinochet, en Chile, 1973; y en la propia Venezuela a lo largo de este siglo XXI, donde han apoyado varios golpes de Estado que buscan desestabilizar la Revoluci\u00f3n Bolivariana.<\/p>\n<p>Estos ejemplos son apenas una muestra de la larga lista de intervenciones, bloqueos y agresiones que han marcado la historia de nuestro continente. Cada uno de ellos confirma la vigencia de las palabras de Fidel: \u201cEl imperialismo no puede perdonar a Cuba que haya hecho una revoluci\u00f3n socialista en sus propias narices\u201d. Y no puede perdonar a ning\u00fan pueblo que se atreva a ser libre.<\/p>\n<p>Ante cada agresi\u00f3n, Cuba ha respondido hist\u00f3ricamente con solidaridad. Nuestros m\u00e9dicos han llegado hasta los rincones m\u00e1s apartados de Venezuela, Bolivia, Hait\u00ed, Brasil\u2026, llevando salud donde antes solo hab\u00eda abandono. Nuestros maestros han ense\u00f1ado a leer y escribir a millones de personas en Am\u00e9rica Latina. Esa es nuestra verdadera arma: la dignidad, la solidaridad, la conciencia.<\/p>\n<p>Con claridad meridiana Fidel ya lo hab\u00eda advertido: \u201cCuba no env\u00eda armas, Cuba env\u00eda m\u00e9dicos, Cuba env\u00eda maestros, Cuba env\u00eda lo que m\u00e1s necesita un pueblo: vida y esperanza\u201d. Esa es la esencia de nuestro internacionalismo, y esa es la raz\u00f3n por la cual nuestros h\u00e9roes son recordados hoy con tanto amor y respeto.<\/p>\n<p><img decoding=\"async\" class=\"size-medium wp-image-61598 aligncenter\" src=\"https:\/\/www.radiosanctispiritus.cu\/es\/wp-content\/uploads\/homenaje-postumo-1-foto-alien-fernandez-600x400.jpg\" alt=\"\" width=\"600\" height=\"400\" srcset=\"https:\/\/www.radiosanctispiritus.cu\/es\/wp-content\/uploads\/homenaje-postumo-1-foto-alien-fernandez-600x400.jpg 600w, https:\/\/www.radiosanctispiritus.cu\/es\/wp-content\/uploads\/homenaje-postumo-1-foto-alien-fernandez-768x512.jpg 768w, https:\/\/www.radiosanctispiritus.cu\/es\/wp-content\/uploads\/homenaje-postumo-1-foto-alien-fernandez.jpg 800w\" sizes=\"(max-width: 600px) 100vw, 600px\" \/><\/p>\n<p>Compa\u00f1eras y compa\u00f1eros:<\/p>\n<p>Hay instantes que son muy importantes en la vida de los pueblos; hay minutos extraordinarios, y un minuto como ese es el minuto tr\u00e1gico y amargo que estamos viviendo en el d\u00eda de hoy. Este homenaje no es solo un acto de memoria. Es tambi\u00e9n un compromiso. El Partido Comunista de Cuba, junto a nuestro pueblo, reafirma en esta hora aciaga que seguiremos defendiendo la soberan\u00eda, la justicia y la solidaridad internacionalista. No nos rendiremos ante el bloqueo, no nos doblegaremos ante las amenazas, no traicionaremos jam\u00e1s el legado de nuestros h\u00e9roes.<\/p>\n<p>M\u00e1s que promesa de hoy, es promesa de ayer y de siempre: \u00a1Cuba no se acobardar\u00e1, Cuba no retroceder\u00e1; la Revoluci\u00f3n no se detendr\u00e1, la Revoluci\u00f3n no retroceder\u00e1, la Revoluci\u00f3n seguir\u00e1 adelante, victoriosa; la Revoluci\u00f3n continuar\u00e1 inquebrantable su marcha!<\/p>\n<p>Y esa es nuestra promesa a estos 32 compa\u00f1eros que llevaremos siempre en el recuerdo como algo nuestro; y no en el recuerdo en el coraz\u00f3n de un hombre, o de algunos hombres, sino en el recuerdo \u00fanico que no puede borrarse nunca: el recuerdo en el coraz\u00f3n de un pueblo.<\/p>\n<p>Hace 65 a\u00f1os, en las honras f\u00fanebres de las v\u00edctimas de la explosi\u00f3n del vapor La Coubre, en el Cementerio de Col\u00f3n, Fidel hab\u00eda lanzado una advertencia a aquellos perturbados del sentido com\u00fan que intentaran invadir de alg\u00fan modo nuestro suelo. \u201cQue no les quede duda de que aqu\u00ed en esta tierra que se llama Cuba, aqu\u00ed en medio de este pueblo que se llama cubano, habr\u00e1 que luchar contra nosotros mientras nos quede una gota de sangre, habr\u00e1 que pelear contra nosotros mientras nos quede un \u00e1tomo de vida. Nosotros nunca agrediremos a nadie, de nosotros nadie nunca tendr\u00e1 nada que temer, pero quien nos quiera agredir debe saber sin temor a equivocarse que con los cubanos hoy (\u2026), con esta generaci\u00f3n hay que pelear, si nos llegan a agredir, hasta su \u00faltima gota de sangre, con los fusiles que tengamos, con los fusiles que compremos, que le compremos al que nos lo venda, sencilla y llanamente, con las balas y las armas que compremos donde mejor nos parezca y con las armas que nosotros sabemos quitarles a los enemigos cuando estamos peleando\u201d.<\/p>\n<p><img decoding=\"async\" class=\"size-medium wp-image-61599 aligncenter\" src=\"https:\/\/www.radiosanctispiritus.cu\/es\/wp-content\/uploads\/homenaje-postumo-2-foto-alien-fernandez-600x400.jpg\" alt=\"\" width=\"600\" height=\"400\" srcset=\"https:\/\/www.radiosanctispiritus.cu\/es\/wp-content\/uploads\/homenaje-postumo-2-foto-alien-fernandez-600x400.jpg 600w, https:\/\/www.radiosanctispiritus.cu\/es\/wp-content\/uploads\/homenaje-postumo-2-foto-alien-fernandez-768x512.jpg 768w, https:\/\/www.radiosanctispiritus.cu\/es\/wp-content\/uploads\/homenaje-postumo-2-foto-alien-fernandez.jpg 800w\" sizes=\"(max-width: 600px) 100vw, 600px\" \/><\/p>\n<p>Aquel emotivo discurso lo recordamos hoy, cuando rendimos tributo a nuestros h\u00e9roes ca\u00eddos y levantamos la bandera de la dignidad y la resistencia. Ellos nos ratifican que la libertad no se mendiga, se conquista; que la soberan\u00eda no se negocia, se defiende; que la solidaridad no se proclama, se practica.<\/p>\n<p>El imperialismo norteamericano seguir\u00e1 siendo una amenaza, pero mientras exista un pueblo como el cubano, dispuesto a luchar y a resistir, nunca podr\u00e1 vencer. Porque como dijo Fidel: \u201cLos pueblos pueden ser conquistados, pero nunca podr\u00e1n ser dominados\u201d.<\/p>\n<p>De la estirpe del Comandante en Jefe somos todos los cubanos, hombres y mujeres pac\u00edficos, pero rebeldes cuando se nos intenta poner de rodillas; un pueblo que se yergue en los momentos m\u00e1s tensos, en los m\u00e1s dif\u00edciles, incluso en los m\u00e1s tristes de su historia, como aquel octubre de 1976, cuando un grupo de compatriotas muri\u00f3 en el terrible sabotaje del avi\u00f3n de Cubana de Aviaci\u00f3n en Barbados.<\/p>\n<p>En la despedida de duelo de aquellos 73 cubanos, Fidel pronunci\u00f3 una frase que ha pasado a la posteridad como el s\u00edmbolo de la firmeza de esta isla en medio del dolor. Y esas palabras del Comandante las repetimos hoy, cuando sufrimos la p\u00e9rdida de 32 valiosos hombres, pero estamos seguros de la firmeza inquebrantable de nuestra gente: \u201cCuando un pueblo en\u00e9rgico y viril llora, la injusticia tiembla\u201d.<\/p>\n<p>\u00a1Honor y gloria eterna a nuestros h\u00e9roes!<\/p>\n<p>\u00a1Viva la solidaridad internacionalista!<\/p>\n<p>\u00a1Vivan Fidel y Ra\u00fal!<\/p>\n<p>\u00a1Viva Cuba libre y soberana!<\/p>\n<p>Patria o muerte, \u00a1Venceremos!<\/p>\n<p>Convocamos a nuestro pueblo, de tan profundas convicciones revolucionarias, a rendir homenaje, de forma organizada y solemne, a los 32 combatientes ca\u00eddos en desigual enfrentamiento con las fuerzas norteamericanas que, hace apenas unos d\u00edas, destrozaron la paz de Venezuela y, con ella, la de toda Am\u00e9rica Latina. Sancti Sp\u00edritus ratifica una vez m\u00e1s que Cuba puede contar con el coraje, pero tambi\u00e9n con la sensibilidad de los hijos de esta central provincia.<\/p>\n<p><img decoding=\"async\" class=\"alignnone size-medium wp-image-61600\" src=\"https:\/\/www.radiosanctispiritus.cu\/es\/wp-content\/uploads\/tributo-ssp-1-600x400.jpeg\" alt=\"\" width=\"600\" height=\"400\" srcset=\"https:\/\/www.radiosanctispiritus.cu\/es\/wp-content\/uploads\/tributo-ssp-1-600x400.jpeg 600w, https:\/\/www.radiosanctispiritus.cu\/es\/wp-content\/uploads\/tributo-ssp-1-768x512.jpeg 768w, https:\/\/www.radiosanctispiritus.cu\/es\/wp-content\/uploads\/tributo-ssp-1.jpeg 960w\" sizes=\"(max-width: 600px) 100vw, 600px\" \/><\/p>\n","protected":false},"excerpt":{"rendered":"<p>\u00abSancti Sp\u00edritus ratifica una vez m\u00e1s que Cuba puede contar con el coraje, pero tambi\u00e9n con la sensibilidad de los hijos de esta central provincia\u00bb, asegur\u00f3 este viernes Deivy P\u00e9rez Mart\u00edn, miembro del Comit\u00e9 Central del Partido y su primera secretaria en el territorio, al intervenir en el masivo acto desarrollado en la Plaza de la Revoluci\u00f3n Mayor General Seraf\u00edn S\u00e1nchez Valdivia en homenaje a los 32 cubanos ca\u00eddos en cumplimiento de su deber en Venezuela.<\/p>\n","protected":false},"author":4,"featured_media":61587,"comment_status":"open","ping_status":"open","sticky":false,"template":"","format":"standard","meta":{"_acf_changed":false,"footnotes":""},"categories":[8,1,12],"tags":[241,44,1215,213],"coauthors":[1883],"class_list":["post-61586","post","type-post","status-publish","format-standard","has-post-thumbnail","hentry","category-noticia","category-sancti-spiritus","category-sugerencia","tag-cuba-venezuela","tag-deivy-perez-martin","tag-minfar","tag-minint"],"acf":[],"_links":{"self":[{"href":"https:\/\/www.radiosanctispiritus.cu\/es\/wp-json\/wp\/v2\/posts\/61586","targetHints":{"allow":["GET"]}}],"collection":[{"href":"https:\/\/www.radiosanctispiritus.cu\/es\/wp-json\/wp\/v2\/posts"}],"about":[{"href":"https:\/\/www.radiosanctispiritus.cu\/es\/wp-json\/wp\/v2\/types\/post"}],"author":[{"embeddable":true,"href":"https:\/\/www.radiosanctispiritus.cu\/es\/wp-json\/wp\/v2\/users\/4"}],"replies":[{"embeddable":true,"href":"https:\/\/www.radiosanctispiritus.cu\/es\/wp-json\/wp\/v2\/comments?post=61586"}],"version-history":[{"count":5,"href":"https:\/\/www.radiosanctispiritus.cu\/es\/wp-json\/wp\/v2\/posts\/61586\/revisions"}],"predecessor-version":[{"id":61602,"href":"https:\/\/www.radiosanctispiritus.cu\/es\/wp-json\/wp\/v2\/posts\/61586\/revisions\/61602"}],"wp:featuredmedia":[{"embeddable":true,"href":"https:\/\/www.radiosanctispiritus.cu\/es\/wp-json\/wp\/v2\/media\/61587"}],"wp:attachment":[{"href":"https:\/\/www.radiosanctispiritus.cu\/es\/wp-json\/wp\/v2\/media?parent=61586"}],"wp:term":[{"taxonomy":"category","embeddable":true,"href":"https:\/\/www.radiosanctispiritus.cu\/es\/wp-json\/wp\/v2\/categories?post=61586"},{"taxonomy":"post_tag","embeddable":true,"href":"https:\/\/www.radiosanctispiritus.cu\/es\/wp-json\/wp\/v2\/tags?post=61586"},{"taxonomy":"author","embeddable":true,"href":"https:\/\/www.radiosanctispiritus.cu\/es\/wp-json\/wp\/v2\/coauthors?post=61586"}],"curies":[{"name":"wp","href":"https:\/\/api.w.org\/{rel}","templated":true}]}}