{"id":61538,"date":"2026-01-16T08:26:34","date_gmt":"2026-01-16T13:26:34","guid":{"rendered":"https:\/\/www.radiosanctispiritus.cu\/es\/?p=61538"},"modified":"2026-01-16T08:26:34","modified_gmt":"2026-01-16T13:26:34","slug":"cuba-con-dia-fresco-en-occidente-y-centro","status":"publish","type":"post","link":"https:\/\/www.radiosanctispiritus.cu\/es\/cuba-con-dia-fresco-en-occidente-y-centro\/","title":{"rendered":"Cuba con d\u00eda fresco en occidente y centro"},"content":{"rendered":"<p>Temperaturas frescas entre los 20 y 23 grados Celsius caracterizar\u00e1n esta jornada en Cuba en occidente y centro, mientras en la noche oscilar\u00e1n entre 14 y 17 grados Celsius, inform\u00f3 este viernes el Instituto de Meteorolog\u00eda.<\/p>\n<p>Como parte del quinto frente fr\u00edo de la actual temporada invernal, los term\u00f3metros podr\u00edan marcar valores inferiores en zonas de la costa norte y entre 25 y 28 grados Celsius en el resto del pa\u00eds, donde podr\u00e1n ser superiores en algunas localidades del interior.<\/p>\n<p>El reporte indica adem\u00e1s, que estar\u00e1 mayormente nublado en zonas de la costa norte con la ocurrencia de chubascos y lluvias en la regi\u00f3n central y oriental, en el resto del pa\u00eds estar\u00e1 parcialmente nublado.<\/p>\n<p>En la tarde estar\u00e1 nublado gran parte del territorio nacional y se mantendr\u00e1n algunas lluvias en zonas de la costa norte de oriente, las que ser\u00e1n escasas en el resto del archipi\u00e9lago.<\/p>\n<p>Los vientos ser\u00e1n del norte hasta las primeras horas de la ma\u00f1ana con velocidades entre 10 y 25 kil\u00f3metros por hora, pasando a ser desde el final de la ma\u00f1ana del nordeste con velocidades entre 15 y 30 kil\u00f3metros por horas, con rachas superiores en zonas de la costa norte.<\/p>\n<p>Tambi\u00e9n se mantienen las marejadas en la costa norte occidental con ligeras salpicaduras en zonas bajas del malec\u00f3n habanero y habr\u00e1 oleaje en el litoral norte central y poco oleaje en el resto de los litorales.<\/p>\n<p>La actual temporada invernal ha provocado varios descensos en los term\u00f3metros, sobre todo durante las jornadas de fin de a\u00f1o con cifras r\u00e9cord de temperaturas m\u00ednimas en localidades del centro del pa\u00eds, inferiores a los 10 grados Celsius.<\/p>\n","protected":false},"excerpt":{"rendered":"<p>Temperaturas frescas entre los 20 y 23 grados Celsius caracterizar\u00e1n esta jornada en Cuba en occidente y centro, mientras en la noche oscilar\u00e1n entre 14 y 17 grados Celsius, inform\u00f3 este viernes el Instituto de Meteorolog\u00eda.<\/p>\n","protected":false},"author":123,"featured_media":61539,"comment_status":"open","ping_status":"open","sticky":false,"template":"","format":"standard","meta":{"_acf_changed":false,"footnotes":""},"categories":[1],"tags":[837,1344,112,891],"coauthors":[1895],"class_list":["post-61538","post","type-post","status-publish","format-standard","has-post-thumbnail","hentry","category-sancti-spiritus","tag-estado-del-tiempo","tag-frente-frio","tag-meteorologia","tag-temperatura"],"acf":[],"_links":{"self":[{"href":"https:\/\/www.radiosanctispiritus.cu\/es\/wp-json\/wp\/v2\/posts\/61538","targetHints":{"allow":["GET"]}}],"collection":[{"href":"https:\/\/www.radiosanctispiritus.cu\/es\/wp-json\/wp\/v2\/posts"}],"about":[{"href":"https:\/\/www.radiosanctispiritus.cu\/es\/wp-json\/wp\/v2\/types\/post"}],"author":[{"embeddable":true,"href":"https:\/\/www.radiosanctispiritus.cu\/es\/wp-json\/wp\/v2\/users\/123"}],"replies":[{"embeddable":true,"href":"https:\/\/www.radiosanctispiritus.cu\/es\/wp-json\/wp\/v2\/comments?post=61538"}],"version-history":[{"count":1,"href":"https:\/\/www.radiosanctispiritus.cu\/es\/wp-json\/wp\/v2\/posts\/61538\/revisions"}],"predecessor-version":[{"id":61540,"href":"https:\/\/www.radiosanctispiritus.cu\/es\/wp-json\/wp\/v2\/posts\/61538\/revisions\/61540"}],"wp:featuredmedia":[{"embeddable":true,"href":"https:\/\/www.radiosanctispiritus.cu\/es\/wp-json\/wp\/v2\/media\/61539"}],"wp:attachment":[{"href":"https:\/\/www.radiosanctispiritus.cu\/es\/wp-json\/wp\/v2\/media?parent=61538"}],"wp:term":[{"taxonomy":"category","embeddable":true,"href":"https:\/\/www.radiosanctispiritus.cu\/es\/wp-json\/wp\/v2\/categories?post=61538"},{"taxonomy":"post_tag","embeddable":true,"href":"https:\/\/www.radiosanctispiritus.cu\/es\/wp-json\/wp\/v2\/tags?post=61538"},{"taxonomy":"author","embeddable":true,"href":"https:\/\/www.radiosanctispiritus.cu\/es\/wp-json\/wp\/v2\/coauthors?post=61538"}],"curies":[{"name":"wp","href":"https:\/\/api.w.org\/{rel}","templated":true}]}}