{"id":61533,"date":"2026-01-15T22:15:14","date_gmt":"2026-01-16T03:15:14","guid":{"rendered":"https:\/\/www.radiosanctispiritus.cu\/es\/?p=61533"},"modified":"2026-01-16T09:14:24","modified_gmt":"2026-01-16T14:14:24","slug":"con-diaz-canel-al-frente-capitalinos-marchan-por-cuba-en-honor-a-los-32-heroes-caidos-en-venezuela","status":"publish","type":"post","link":"https:\/\/www.radiosanctispiritus.cu\/es\/con-diaz-canel-al-frente-capitalinos-marchan-por-cuba-en-honor-a-los-32-heroes-caidos-en-venezuela\/","title":{"rendered":"Con D\u00edaz-Canel al frente, capitalinos marchan por Cuba en honor a los 32 h\u00e9roes ca\u00eddos en Venezuela"},"content":{"rendered":"<p>Miguel D\u00edaz-Canel Berm\u00fadez, Primer Secretario del Comit\u00e9 Central del Partido Comunista de Cuba (CCPCC) y Presidente de la Rep\u00fablica, encabeza este viernes en La Habana la marcha del pueblo en honor a los 32 combatientes ca\u00eddos durante la agresi\u00f3n estadounidense contra Venezuela.<\/p>\n<p>Participan tambi\u00e9n los miembros del Bur\u00f3 Pol\u00edtico del CCPCC Manuel Marrero Cruz, Primer Ministro, Salvador Vald\u00e9s Mesa, vicepresidente de la Rep\u00fablica, Roberto Morales Ojeda, secretario de Organizaci\u00f3n, entre otros representantes de la organizaci\u00f3n pol\u00edtica, las de masas, sociales y estudiantiles junto a los diferentes sectores de la sociedad.<\/p>\n<div id=\"attachment_61542\" style=\"width: 590px\" class=\"wp-caption aligncenter\"><img decoding=\"async\" aria-describedby=\"caption-attachment-61542\" class=\"size-full wp-image-61542\" src=\"https:\/\/www.radiosanctispiritus.cu\/es\/wp-content\/uploads\/Marcha-Habana.jpg\" alt=\"\" width=\"580\" height=\"306\" \/><p id=\"caption-attachment-61542\" class=\"wp-caption-text\">Desde La Habana, el pueblo denuncia la agresi\u00f3n de EE.UU. a Venezuela y rechaza las amenazas imperiales. Foto: Cubadebate.<\/p><\/div>\n<p>La marcha, que se desarrolla desde la Tribuna Antimperialista hasta la Avenida de los Presidentes tambi\u00e9n constituye una acci\u00f3n de denuncia contra las agresiones imperialista que ejecuta el gobierno de Estados Unidos contra Am\u00e9rica Latina y el Caribe.<\/p>\n<p><img decoding=\"async\" class=\"size-medium wp-image-61546 aligncenter\" src=\"https:\/\/www.radiosanctispiritus.cu\/es\/wp-content\/uploads\/Marcha-Habana-5-600x339.jpg\" alt=\"\" width=\"600\" height=\"339\" srcset=\"https:\/\/www.radiosanctispiritus.cu\/es\/wp-content\/uploads\/Marcha-Habana-5-600x339.jpg 600w, https:\/\/www.radiosanctispiritus.cu\/es\/wp-content\/uploads\/Marcha-Habana-5-768x433.jpg 768w, https:\/\/www.radiosanctispiritus.cu\/es\/wp-content\/uploads\/Marcha-Habana-5-960x540.jpg 960w, https:\/\/www.radiosanctispiritus.cu\/es\/wp-content\/uploads\/Marcha-Habana-5-290x163.jpg 290w, https:\/\/www.radiosanctispiritus.cu\/es\/wp-content\/uploads\/Marcha-Habana-5-460x259.jpg 460w, https:\/\/www.radiosanctispiritus.cu\/es\/wp-content\/uploads\/Marcha-Habana-5.jpg 1010w\" sizes=\"(max-width: 600px) 100vw, 600px\" \/><\/p>\n<p>Entre miles de habaneros, las historias personales tambi\u00e9n motivan.<\/p>\n<p>\u201cVengo por mi abuelo, que ense\u00f1\u00f3 que la dignidad no se negocia\u201d, dijo Ana Laura, una joven estudiante de medicina. \u201cEstar aqu\u00ed hoy es seguir su lucha, es decirle al mundo que nuestra solidaridad con Venezuela es la misma\u201d.<\/p>\n<p>El veterano Gilberto, de 78 a\u00f1os, afirm\u00f3 a Cubadebate con voz pausada pero firme: \u201dNo es la primera vez que nos reunimos en este lugar por causas justas. Cada vez que lo hacemos, le damos raz\u00f3n a los que cayeron, les probamos que su sacrificio no fue en vano. Hoy honramos a 32 hermanos nuevos\u201d.<\/p>\n<div id=\"attachment_61543\" style=\"width: 590px\" class=\"wp-caption aligncenter\"><img decoding=\"async\" aria-describedby=\"caption-attachment-61543\" class=\"size-full wp-image-61543\" src=\"https:\/\/www.radiosanctispiritus.cu\/es\/wp-content\/uploads\/Marcha-Habana-2.jpg\" alt=\"\" width=\"580\" height=\"409\" \/><p id=\"caption-attachment-61543\" class=\"wp-caption-text\">Cubanos exigen a EE.UU. que libere al presidente Nicol\u00e1s Maduro. Foto: Abel Padr\u00f3n Padilla\/Cubadebate.<\/p><\/div>\n<p>Para Dayanis, una maestra primaria de Plaza de la Revoluci\u00f3n, la explicaci\u00f3n era sencilla y profunda: \u201cEstoy aqu\u00ed porque el ataque contra ellos es un ataque contra toda nuestra Am\u00e9rica. Marcho para que mis alumnos ma\u00f1ana entiendan que hubo quienes no se cruzaron de brazos ante la injusticia\u201d.<\/p>\n<p>\u201cPor Cuba, por Venezuela, por Ch\u00e1vez, por Maduro, por el mundo\u201d, se escuchaba en la multitud mientras caminaban. \u201cNacimos para vencer, y no para ser vencidos. Cuba y Venezuela una sola bandera\u201d. Consignas que devienen declaraci\u00f3n de principios.<\/p>\n<p>Este viernes, en todo el territorio nacional se realizar\u00e1n diferentes homenajes a los m\u00e1rtires que por su entrega merecen todo el honor y gloria.<\/p>\n<div id=\"attachment_61544\" style=\"width: 590px\" class=\"wp-caption aligncenter\"><img decoding=\"async\" aria-describedby=\"caption-attachment-61544\" class=\"size-full wp-image-61544\" src=\"https:\/\/www.radiosanctispiritus.cu\/es\/wp-content\/uploads\/Marcha-Habana-3.jpg\" alt=\"\" width=\"580\" height=\"346\" \/><p id=\"caption-attachment-61544\" class=\"wp-caption-text\">El pueblo denuncia la injusticia y ratifica que no hay miedo ante las amenazas de EE.UU. Foto: Abel Padr\u00f3n Padilla\/ Cubadebate.<\/p><\/div>\n","protected":false},"excerpt":{"rendered":"<p>Miguel D\u00edaz-Canel Berm\u00fadez, Primer Secretario del Comit\u00e9 Central del Partido Comunista de Cuba y Presidente de la Rep\u00fablica, encabeza este viernes en La Habana la marcha del pueblo en honor a los 32 combatientes ca\u00eddos durante la agresi\u00f3n estadounidense contra Venezuela.<\/p>\n","protected":false},"author":123,"featured_media":61534,"comment_status":"open","ping_status":"open","sticky":false,"template":"","format":"standard","meta":{"_acf_changed":false,"footnotes":""},"categories":[8,3,4],"tags":[241,28,1215,213,1081],"coauthors":[1895],"class_list":["post-61533","post","type-post","status-publish","format-standard","has-post-thumbnail","hentry","category-noticia","category-cuba","category-internacionales","tag-cuba-venezuela","tag-miguel-diaz-canel","tag-minfar","tag-minint","tag-venezuela-ee-uu"],"acf":[],"_links":{"self":[{"href":"https:\/\/www.radiosanctispiritus.cu\/es\/wp-json\/wp\/v2\/posts\/61533","targetHints":{"allow":["GET"]}}],"collection":[{"href":"https:\/\/www.radiosanctispiritus.cu\/es\/wp-json\/wp\/v2\/posts"}],"about":[{"href":"https:\/\/www.radiosanctispiritus.cu\/es\/wp-json\/wp\/v2\/types\/post"}],"author":[{"embeddable":true,"href":"https:\/\/www.radiosanctispiritus.cu\/es\/wp-json\/wp\/v2\/users\/123"}],"replies":[{"embeddable":true,"href":"https:\/\/www.radiosanctispiritus.cu\/es\/wp-json\/wp\/v2\/comments?post=61533"}],"version-history":[{"count":5,"href":"https:\/\/www.radiosanctispiritus.cu\/es\/wp-json\/wp\/v2\/posts\/61533\/revisions"}],"predecessor-version":[{"id":61549,"href":"https:\/\/www.radiosanctispiritus.cu\/es\/wp-json\/wp\/v2\/posts\/61533\/revisions\/61549"}],"wp:featuredmedia":[{"embeddable":true,"href":"https:\/\/www.radiosanctispiritus.cu\/es\/wp-json\/wp\/v2\/media\/61534"}],"wp:attachment":[{"href":"https:\/\/www.radiosanctispiritus.cu\/es\/wp-json\/wp\/v2\/media?parent=61533"}],"wp:term":[{"taxonomy":"category","embeddable":true,"href":"https:\/\/www.radiosanctispiritus.cu\/es\/wp-json\/wp\/v2\/categories?post=61533"},{"taxonomy":"post_tag","embeddable":true,"href":"https:\/\/www.radiosanctispiritus.cu\/es\/wp-json\/wp\/v2\/tags?post=61533"},{"taxonomy":"author","embeddable":true,"href":"https:\/\/www.radiosanctispiritus.cu\/es\/wp-json\/wp\/v2\/coauthors?post=61533"}],"curies":[{"name":"wp","href":"https:\/\/api.w.org\/{rel}","templated":true}]}}