{"id":61516,"date":"2026-01-15T21:40:21","date_gmt":"2026-01-16T02:40:21","guid":{"rendered":"https:\/\/www.radiosanctispiritus.cu\/es\/?p=61516"},"modified":"2026-01-16T09:31:32","modified_gmt":"2026-01-16T14:31:32","slug":"autoridades-de-cuba-rinden-guardia-de-honor-a-caidos-en-venezuela","status":"publish","type":"post","link":"https:\/\/www.radiosanctispiritus.cu\/es\/autoridades-de-cuba-rinden-guardia-de-honor-a-caidos-en-venezuela\/","title":{"rendered":"Autoridades de Cuba rinden guardia de honor a ca\u00eddos en Venezuela"},"content":{"rendered":"<p>El l\u00edder de la Revoluci\u00f3n cubana Ra\u00fal Castro y el presidente de la Rep\u00fablica Miguel D\u00edaz-Canel rindieron este jueves la \u00faltima guardia de honor a los combatientes de la isla ca\u00eddos en defensa de Venezuela.<\/p>\n<p>En la sede del Ministerio de las Fuerzas Armadas Revolucionarias (FAR), Ra\u00fal tambi\u00e9n rindi\u00f3 tributo a cada uno de los 32 cubanos que fallecieron el 3 de enero \u00faltimo, cuando fuerzas militares de Estados Unidos realizaron un operativo para apresar al presidente de la naci\u00f3n suramericana, Nicol\u00e1s Maduro, y su esposa Cilia Flores.<\/p>\n<p>Junto a Ra\u00fal y D\u00edaz-Canel tambi\u00e9n participaron en la solemne ceremonia los ministros del Interior, L\u00e1zaro Alvarez Casas, y de las Fuerzas Armadas Revolucionarias, Alvaro L\u00f3pez Miera.<\/p>\n<p>Los restos de los 32 soldados arribaron este jueves a La Habana, donde el pueblo les rindi\u00f3 homenaje al paso de los f\u00e9retros por la avenida Rancho Boyeros, primero, y luego en la sede de las FAR.<\/p>\n<p>El tributo iniciado en esta capital se extender\u00e1n ma\u00f1ana a todas las provincias y municipios de la naci\u00f3n caribe\u00f1a.<\/p>\n<p>Las exequias comenzaron bien temprano es la jornada, en la losa del aeropuerto internacional Jos\u00e9 Mart\u00ed, tambi\u00e9n con la presencia de Ra\u00fal y el jefe de Estado, adem\u00e1s de los familiares de los ca\u00eddos.<\/p>\n<p>Los combatientes recibieron ascenso p\u00f3stumo en grado militar, como homenaje digno y merecido a su hero\u00edsmo, seg\u00fan un mandato del Gobierno de Cuba.<\/p>\n<p>Como parte del tributo popular, los capitalinos se concentrar\u00e1n ma\u00f1ana en la Tribuna Antimperialista (frente a la sede de la misi\u00f3n de Estados Unidos aqu\u00ed) para expresar su homenaje en una Marcha del Pueblo Combatiente.<\/p>\n<p>Ese mismo d\u00eda, a las 09:00, se realizar\u00e1n ceremonias simult\u00e1neas en todas las cabeceras provinciales, mientras que a las 16:00 horas los h\u00e9roes ser\u00e1n inhumados en los panteones de los Ca\u00eddos por la Defensa de sus respectivas localidades.<\/p>\n<p>Cada municipio del pa\u00eds efectuar\u00e1 actos de homenaje.<\/p>\n","protected":false},"excerpt":{"rendered":"<p>El l\u00edder de la Revoluci\u00f3n cubana Ra\u00fal Castro y el presidente de la Rep\u00fablica Miguel D\u00edaz-Canel rindieron este jueves la \u00faltima guardia de honor a los combatientes de la isla ca\u00eddos en defensa de Venezuela.<\/p>\n","protected":false},"author":22,"featured_media":61551,"comment_status":"open","ping_status":"open","sticky":false,"template":"","format":"standard","meta":{"_acf_changed":false,"footnotes":""},"categories":[8,3,4],"tags":[241,28,1215,213,87],"coauthors":[1882],"class_list":["post-61516","post","type-post","status-publish","format-standard","has-post-thumbnail","hentry","category-noticia","category-cuba","category-internacionales","tag-cuba-venezuela","tag-miguel-diaz-canel","tag-minfar","tag-minint","tag-raul-castro"],"acf":[],"_links":{"self":[{"href":"https:\/\/www.radiosanctispiritus.cu\/es\/wp-json\/wp\/v2\/posts\/61516","targetHints":{"allow":["GET"]}}],"collection":[{"href":"https:\/\/www.radiosanctispiritus.cu\/es\/wp-json\/wp\/v2\/posts"}],"about":[{"href":"https:\/\/www.radiosanctispiritus.cu\/es\/wp-json\/wp\/v2\/types\/post"}],"author":[{"embeddable":true,"href":"https:\/\/www.radiosanctispiritus.cu\/es\/wp-json\/wp\/v2\/users\/22"}],"replies":[{"embeddable":true,"href":"https:\/\/www.radiosanctispiritus.cu\/es\/wp-json\/wp\/v2\/comments?post=61516"}],"version-history":[{"count":3,"href":"https:\/\/www.radiosanctispiritus.cu\/es\/wp-json\/wp\/v2\/posts\/61516\/revisions"}],"predecessor-version":[{"id":61550,"href":"https:\/\/www.radiosanctispiritus.cu\/es\/wp-json\/wp\/v2\/posts\/61516\/revisions\/61550"}],"wp:featuredmedia":[{"embeddable":true,"href":"https:\/\/www.radiosanctispiritus.cu\/es\/wp-json\/wp\/v2\/media\/61551"}],"wp:attachment":[{"href":"https:\/\/www.radiosanctispiritus.cu\/es\/wp-json\/wp\/v2\/media?parent=61516"}],"wp:term":[{"taxonomy":"category","embeddable":true,"href":"https:\/\/www.radiosanctispiritus.cu\/es\/wp-json\/wp\/v2\/categories?post=61516"},{"taxonomy":"post_tag","embeddable":true,"href":"https:\/\/www.radiosanctispiritus.cu\/es\/wp-json\/wp\/v2\/tags?post=61516"},{"taxonomy":"author","embeddable":true,"href":"https:\/\/www.radiosanctispiritus.cu\/es\/wp-json\/wp\/v2\/coauthors?post=61516"}],"curies":[{"name":"wp","href":"https:\/\/api.w.org\/{rel}","templated":true}]}}