{"id":61507,"date":"2026-01-15T20:38:54","date_gmt":"2026-01-16T01:38:54","guid":{"rendered":"https:\/\/www.radiosanctispiritus.cu\/es\/?p=61507"},"modified":"2026-01-16T00:05:55","modified_gmt":"2026-01-16T05:05:55","slug":"lehman-college-de-nueva-york-fortalece-vinculos-de-intercambio-academico-con-universidades-cubanas","status":"publish","type":"post","link":"https:\/\/www.radiosanctispiritus.cu\/es\/lehman-college-de-nueva-york-fortalece-vinculos-de-intercambio-academico-con-universidades-cubanas\/","title":{"rendered":"Lehman College de Nueva York fortalece v\u00ednculos de intercambio acad\u00e9mico con universidades cubanas"},"content":{"rendered":"<p>\u00abCuba tiene una reputaci\u00f3n mundial de excelencia en Educaci\u00f3n, es un pa\u00eds donde nos sentimos como en casa\u00bb, asever\u00f3 en la Universidad de Sancti Sp\u00edritus Jos\u00e9 Mart\u00ed P\u00e9rez Teresita Levy, vicerrectora de Internacionalizaci\u00f3n y Extensi\u00f3n Universitaria en el Lehman Collage de Nueva York, al frente de la delegaci\u00f3n integrada por profesores de ese centro que desarrollan una visita de intercambio acad\u00e9mico por varios centros de la Educaci\u00f3n Superior en Cuba.<\/p>\n<p>\u00abPara nosotros la Universidad de Sancti Sp\u00edritus siempre ha tenido una muy buena complicidad con la nuestra, nos parecemos much\u00edsimo en todos los aspectos, tenemos profesores comprometidos, estudiantes que son maravillosos y trabajadores, tenemos un enlace muy fuerte con la comunidad donde vivimos, y para nosotros siempre fue muy importante que esas caracter\u00edsticas existieran en cualquier convenio, y las universidades cubanas, especialmente aqu\u00ed en el interior de la isla, se parecen mucho a nuestra universidad en el Bronx\u00bb.<\/p>\n<p><img decoding=\"async\" class=\"size-medium wp-image-61511 aligncenter\" src=\"https:\/\/www.radiosanctispiritus.cu\/es\/wp-content\/uploads\/IMG-20260115-WA0005-600x338.jpg\" alt=\"\" width=\"600\" height=\"338\" srcset=\"https:\/\/www.radiosanctispiritus.cu\/es\/wp-content\/uploads\/IMG-20260115-WA0005-600x338.jpg 600w, https:\/\/www.radiosanctispiritus.cu\/es\/wp-content\/uploads\/IMG-20260115-WA0005-768x432.jpg 768w, https:\/\/www.radiosanctispiritus.cu\/es\/wp-content\/uploads\/IMG-20260115-WA0005-960x540.jpg 960w, https:\/\/www.radiosanctispiritus.cu\/es\/wp-content\/uploads\/IMG-20260115-WA0005-605x340.jpg 605w, https:\/\/www.radiosanctispiritus.cu\/es\/wp-content\/uploads\/IMG-20260115-WA0005-290x163.jpg 290w, https:\/\/www.radiosanctispiritus.cu\/es\/wp-content\/uploads\/IMG-20260115-WA0005-460x259.jpg 460w, https:\/\/www.radiosanctispiritus.cu\/es\/wp-content\/uploads\/IMG-20260115-WA0005.jpg 1024w\" sizes=\"(max-width: 600px) 100vw, 600px\" \/><\/p>\n<p>A pesar del injusto bloqueo que mantiene el Gobierno de Estados Unidos contra Cuba, instituciones docentes de ambas naciones buscan alternativas para llevar adelante proyectos acad\u00e9micos que estrechan lazos de intercambios investigativos.<\/p>\n<p>Teresita Levy expres\u00f3, adem\u00e1s, que est\u00e1n muy interesados en hacer m\u00e1s proyectos colaborativos y de investigaci\u00f3n que incluyan estudiantes que sean interdisciplinarios, que trabajen con problemas de sociedad como la crisis ambiental, la crisis energ\u00e9tica, procesos relacionados con la alimentaci\u00f3n sostenible.<\/p>\n<p><img decoding=\"async\" class=\"size-medium wp-image-61513 aligncenter\" src=\"https:\/\/www.radiosanctispiritus.cu\/es\/wp-content\/uploads\/IMG-20260115-WA0003-600x338.jpg\" alt=\"\" width=\"600\" height=\"338\" srcset=\"https:\/\/www.radiosanctispiritus.cu\/es\/wp-content\/uploads\/IMG-20260115-WA0003-600x338.jpg 600w, https:\/\/www.radiosanctispiritus.cu\/es\/wp-content\/uploads\/IMG-20260115-WA0003-768x432.jpg 768w, https:\/\/www.radiosanctispiritus.cu\/es\/wp-content\/uploads\/IMG-20260115-WA0003-960x540.jpg 960w, https:\/\/www.radiosanctispiritus.cu\/es\/wp-content\/uploads\/IMG-20260115-WA0003-605x340.jpg 605w, https:\/\/www.radiosanctispiritus.cu\/es\/wp-content\/uploads\/IMG-20260115-WA0003-290x163.jpg 290w, https:\/\/www.radiosanctispiritus.cu\/es\/wp-content\/uploads\/IMG-20260115-WA0003-460x259.jpg 460w, https:\/\/www.radiosanctispiritus.cu\/es\/wp-content\/uploads\/IMG-20260115-WA0003.jpg 1024w\" sizes=\"(max-width: 600px) 100vw, 600px\" \/><\/p>\n<p>Por su parte, el doctor William Su\u00e1rez, catedr\u00e1tico del Lehman Collage, manifest\u00f3 su satisfacci\u00f3n con el intercambio acad\u00e9mico efectuado con la universidad espirituana.<\/p>\n<p>\u00abEste evento ofrece la oportunidad de enriquecernos no solamente a nosotros, sino tambi\u00e9n colaborar con ustedes y aprender de ustedes, en tiempos tan complicados debi\u00e9ramos aprender m\u00e1s unos de los otros y buscar lazos donde la educaci\u00f3n nos une, m\u00e1s que lo que nos separa, y eso hemos podido aprender durante este proceso de intercambio\u00bb.<\/p>\n<p><iframe src=\"https:\/\/www.ivoox.com\/player_ej_166835269_6_1.html?c1=7a0d0b\" width=\"100%\" height=\"200\" frameborder=\"0\" scrolling=\"no\" allowfullscreen=\"allowfullscreen\"><\/iframe><\/p>\n<p>En las palabras de bienvenida el rector de la universidad de Sancti Sp\u00edritus Jos\u00e9 Mart\u00ed P\u00e9rez, el doctor en Ciencias Edelvy Bravo Amante, ofreci\u00f3 una caracterizaci\u00f3n general de la Red de Universidades de Cuba, con particular \u00e9nfasis en la casa espirituana de altos estudios.<\/p>\n<p><img decoding=\"async\" class=\"size-medium wp-image-61514 aligncenter\" src=\"https:\/\/www.radiosanctispiritus.cu\/es\/wp-content\/uploads\/IMG-20260115-WA0007-600x338.jpg\" alt=\"\" width=\"600\" height=\"338\" srcset=\"https:\/\/www.radiosanctispiritus.cu\/es\/wp-content\/uploads\/IMG-20260115-WA0007-600x338.jpg 600w, https:\/\/www.radiosanctispiritus.cu\/es\/wp-content\/uploads\/IMG-20260115-WA0007-768x432.jpg 768w, https:\/\/www.radiosanctispiritus.cu\/es\/wp-content\/uploads\/IMG-20260115-WA0007-960x540.jpg 960w, https:\/\/www.radiosanctispiritus.cu\/es\/wp-content\/uploads\/IMG-20260115-WA0007-605x340.jpg 605w, https:\/\/www.radiosanctispiritus.cu\/es\/wp-content\/uploads\/IMG-20260115-WA0007-290x163.jpg 290w, https:\/\/www.radiosanctispiritus.cu\/es\/wp-content\/uploads\/IMG-20260115-WA0007-460x259.jpg 460w, https:\/\/www.radiosanctispiritus.cu\/es\/wp-content\/uploads\/IMG-20260115-WA0007.jpg 1024w\" sizes=\"(max-width: 600px) 100vw, 600px\" \/><\/p>\n<p>&nbsp;<\/p>\n","protected":false},"excerpt":{"rendered":"<p>\u00abCuba tiene una reputaci\u00f3n mundial de excelencia en Educaci\u00f3n, es un pa\u00eds donde nos sentimos como en casa\u00bb, asever\u00f3 en la Universidad de Sancti Spiritus Jos\u00e9 Mart\u00ed P\u00e9rez Teresita Levy, vicerrectora de Internacionalizaci\u00f3n y Extensi\u00f3n Universitaria en el Lehman Collage de Nueva York, al frente de la delegaci\u00f3n integrada por profesores de ese centro que desarrollan una visita de intercambio acad\u00e9mico por varios centros de la Educaci\u00f3n Superior en Cuba.<\/p>\n","protected":false},"author":8,"featured_media":61510,"comment_status":"open","ping_status":"open","sticky":false,"template":"","format":"standard","meta":{"_acf_changed":false,"footnotes":""},"categories":[8,14,1],"tags":[98,263,1821],"coauthors":[1917],"class_list":["post-61507","post","type-post","status-publish","format-standard","has-post-thumbnail","hentry","category-noticia","category-educacion","category-sancti-spiritus","tag-cuba-ee-uu","tag-educacion-superior","tag-universidad-de-sancti-spiritus-jose-marti"],"acf":[],"_links":{"self":[{"href":"https:\/\/www.radiosanctispiritus.cu\/es\/wp-json\/wp\/v2\/posts\/61507","targetHints":{"allow":["GET"]}}],"collection":[{"href":"https:\/\/www.radiosanctispiritus.cu\/es\/wp-json\/wp\/v2\/posts"}],"about":[{"href":"https:\/\/www.radiosanctispiritus.cu\/es\/wp-json\/wp\/v2\/types\/post"}],"author":[{"embeddable":true,"href":"https:\/\/www.radiosanctispiritus.cu\/es\/wp-json\/wp\/v2\/users\/8"}],"replies":[{"embeddable":true,"href":"https:\/\/www.radiosanctispiritus.cu\/es\/wp-json\/wp\/v2\/comments?post=61507"}],"version-history":[{"count":5,"href":"https:\/\/www.radiosanctispiritus.cu\/es\/wp-json\/wp\/v2\/posts\/61507\/revisions"}],"predecessor-version":[{"id":61529,"href":"https:\/\/www.radiosanctispiritus.cu\/es\/wp-json\/wp\/v2\/posts\/61507\/revisions\/61529"}],"wp:featuredmedia":[{"embeddable":true,"href":"https:\/\/www.radiosanctispiritus.cu\/es\/wp-json\/wp\/v2\/media\/61510"}],"wp:attachment":[{"href":"https:\/\/www.radiosanctispiritus.cu\/es\/wp-json\/wp\/v2\/media?parent=61507"}],"wp:term":[{"taxonomy":"category","embeddable":true,"href":"https:\/\/www.radiosanctispiritus.cu\/es\/wp-json\/wp\/v2\/categories?post=61507"},{"taxonomy":"post_tag","embeddable":true,"href":"https:\/\/www.radiosanctispiritus.cu\/es\/wp-json\/wp\/v2\/tags?post=61507"},{"taxonomy":"author","embeddable":true,"href":"https:\/\/www.radiosanctispiritus.cu\/es\/wp-json\/wp\/v2\/coauthors?post=61507"}],"curies":[{"name":"wp","href":"https:\/\/api.w.org\/{rel}","templated":true}]}}