{"id":61503,"date":"2026-01-15T22:41:47","date_gmt":"2026-01-16T03:41:47","guid":{"rendered":"https:\/\/www.radiosanctispiritus.cu\/es\/?p=61503"},"modified":"2026-01-16T11:12:17","modified_gmt":"2026-01-16T16:12:17","slug":"pueblo-espirituano-rendira-tributo-a-los-caidos-en-venezuela","status":"publish","type":"post","link":"https:\/\/www.radiosanctispiritus.cu\/es\/pueblo-espirituano-rendira-tributo-a-los-caidos-en-venezuela\/","title":{"rendered":"Pueblo espirituano rinde tributo a los ca\u00eddos en Venezuela"},"content":{"rendered":"<p>La Plaza de la Revoluci\u00f3n Mayor General Seraf\u00edn S\u00e1nchez Valdivia, en la ciudad de Sancti Sp\u00edritus, es el escenario principal del homenaje p\u00f3stumo a los 32 cubanos que perdieron la vida el pasado 3 de enero en territorio venezolano.<\/p>\n<p>Desde las ocho de la ma\u00f1ana, los espirituanos comenzaron a concentrarse en este hist\u00f3rico espacio, s\u00edmbolo de la identidad y la valent\u00eda de la regi\u00f3n central del pa\u00eds.<\/p>\n<div id=\"attachment_61522\" style=\"width: 610px\" class=\"wp-caption aligncenter\"><img decoding=\"async\" aria-describedby=\"caption-attachment-61522\" class=\"size-medium wp-image-61522\" src=\"https:\/\/www.radiosanctispiritus.cu\/es\/wp-content\/uploads\/q2-23-600x385.jpg\" alt=\"\" width=\"600\" height=\"385\" srcset=\"https:\/\/www.radiosanctispiritus.cu\/es\/wp-content\/uploads\/q2-23-600x385.jpg 600w, https:\/\/www.radiosanctispiritus.cu\/es\/wp-content\/uploads\/q2-23-1024x657.jpg 1024w, https:\/\/www.radiosanctispiritus.cu\/es\/wp-content\/uploads\/q2-23-768x493.jpg 768w, https:\/\/www.radiosanctispiritus.cu\/es\/wp-content\/uploads\/q2-23-1536x985.jpg 1536w, https:\/\/www.radiosanctispiritus.cu\/es\/wp-content\/uploads\/q2-23-2048x1313.jpg 2048w\" sizes=\"(max-width: 600px) 100vw, 600px\" \/><p id=\"caption-attachment-61522\" class=\"wp-caption-text\">La Plaza Mayor General Seraf\u00edn S\u00e1nchez Valdivia acoge a los espirituanos que rinden tributo a los 32 combatientes ca\u00eddos en Venezuela.<\/p><\/div>\n<p>La ceremonia oficial se desarrolla en un ambiente de respeto, dolor y compromiso con el legado de los ca\u00eddos.<\/p>\n<p>Los compatriotas a quienes se rinde tributo cumpl\u00edan su deber de proteger la vida del presidente constitucional de la Rep\u00fablica Bolivariana de Venezuela, Nicol\u00e1s Maduro Moros, cuando se produjo la agresi\u00f3n militar del ej\u00e9rcito de Estados Unidos contra ese pa\u00eds.<\/p>\n<p>En las \u00faltimas horas, los restos mortales de esos cubanos arribaron a la Patria y fueron recibidos en La Habana con el amor y la admiraci\u00f3n del pueblo habanero, en representaci\u00f3n de toda la naci\u00f3n.<\/p>\n<p>La Plaza espirituana, presidida por la figura monumental del Mayor General Seraf\u00edn S\u00e1nchez Valdivia, acoger\u00e1 una ceremonia luctuosa donde destacar\u00e1n los colores patrios y el compromiso de unidad entre los pueblos de Cuba y Venezuela.<\/p>\n<div id=\"attachment_61524\" style=\"width: 610px\" class=\"wp-caption aligncenter\"><img decoding=\"async\" aria-describedby=\"caption-attachment-61524\" class=\"size-medium wp-image-61524\" src=\"https:\/\/www.radiosanctispiritus.cu\/es\/wp-content\/uploads\/q4-23-600x400.jpg\" alt=\"\" width=\"600\" height=\"400\" srcset=\"https:\/\/www.radiosanctispiritus.cu\/es\/wp-content\/uploads\/q4-23-600x400.jpg 600w, https:\/\/www.radiosanctispiritus.cu\/es\/wp-content\/uploads\/q4-23-1024x683.jpg 1024w, https:\/\/www.radiosanctispiritus.cu\/es\/wp-content\/uploads\/q4-23-768x512.jpg 768w, https:\/\/www.radiosanctispiritus.cu\/es\/wp-content\/uploads\/q4-23-1536x1025.jpg 1536w, https:\/\/www.radiosanctispiritus.cu\/es\/wp-content\/uploads\/q4-23-2048x1366.jpg 2048w\" sizes=\"(max-width: 600px) 100vw, 600px\" \/><p id=\"caption-attachment-61524\" class=\"wp-caption-text\">As\u00ed se muestra el escenario principal del tributo a los 32 combatientes ca\u00eddos en Venezuela.<\/p><\/div>\n<p>De forma paralela, en todos los municipios de la provincia se desarrollar\u00e1n a partir de las cuatro de la tarde actos similares, como muestra de respeto y acompa\u00f1amiento a los familiares de las v\u00edctimas.<\/p>\n<p>Cuba vive este homenaje como expresi\u00f3n de unidad, solidaridad y dignidad; nuestros h\u00e9roes regresan a la tierra que los vio nacer, envueltos en el amor eterno de su pueblo.<\/p>\n<div id=\"attachment_61526\" style=\"width: 610px\" class=\"wp-caption aligncenter\"><img decoding=\"async\" aria-describedby=\"caption-attachment-61526\" class=\"size-medium wp-image-61526\" src=\"https:\/\/www.radiosanctispiritus.cu\/es\/wp-content\/uploads\/q6-18-600x400.jpg\" alt=\"\" width=\"600\" height=\"400\" srcset=\"https:\/\/www.radiosanctispiritus.cu\/es\/wp-content\/uploads\/q6-18-600x400.jpg 600w, https:\/\/www.radiosanctispiritus.cu\/es\/wp-content\/uploads\/q6-18-1024x683.jpg 1024w, https:\/\/www.radiosanctispiritus.cu\/es\/wp-content\/uploads\/q6-18-768x512.jpg 768w, https:\/\/www.radiosanctispiritus.cu\/es\/wp-content\/uploads\/q6-18-1536x1024.jpg 1536w, https:\/\/www.radiosanctispiritus.cu\/es\/wp-content\/uploads\/q6-18-2048x1365.jpg 2048w\" sizes=\"(max-width: 600px) 100vw, 600px\" \/><p id=\"caption-attachment-61526\" class=\"wp-caption-text\">Los 32 combatientes ca\u00eddos en la defensa de Venezuela reciben el tributo de los espirituanos.<\/p><\/div>\n","protected":false},"excerpt":{"rendered":"<p>La Plaza de la Revoluci\u00f3n Mayor General Seraf\u00edn S\u00e1nchez Valdivia, en la ciudad de Sancti Sp\u00edritus, es este viernes el escenario principal del homenaje p\u00f3stumo a los 32 cubanos que perdieron la vida el pasado 3 de enero en territorio venezolano.<\/p>\n","protected":false},"author":18,"featured_media":61556,"comment_status":"open","ping_status":"open","sticky":false,"template":"","format":"standard","meta":{"_acf_changed":false,"footnotes":""},"categories":[8,3],"tags":[241,1215,213,1556,1780,1081],"coauthors":[1874],"class_list":["post-61503","post","type-post","status-publish","format-standard","has-post-thumbnail","hentry","category-noticia","category-cuba","tag-cuba-venezuela","tag-minfar","tag-minint","tag-plaza-de-la-revolucion","tag-sancti-spiritus","tag-venezuela-ee-uu"],"acf":[],"_links":{"self":[{"href":"https:\/\/www.radiosanctispiritus.cu\/es\/wp-json\/wp\/v2\/posts\/61503","targetHints":{"allow":["GET"]}}],"collection":[{"href":"https:\/\/www.radiosanctispiritus.cu\/es\/wp-json\/wp\/v2\/posts"}],"about":[{"href":"https:\/\/www.radiosanctispiritus.cu\/es\/wp-json\/wp\/v2\/types\/post"}],"author":[{"embeddable":true,"href":"https:\/\/www.radiosanctispiritus.cu\/es\/wp-json\/wp\/v2\/users\/18"}],"replies":[{"embeddable":true,"href":"https:\/\/www.radiosanctispiritus.cu\/es\/wp-json\/wp\/v2\/comments?post=61503"}],"version-history":[{"count":6,"href":"https:\/\/www.radiosanctispiritus.cu\/es\/wp-json\/wp\/v2\/posts\/61503\/revisions"}],"predecessor-version":[{"id":61584,"href":"https:\/\/www.radiosanctispiritus.cu\/es\/wp-json\/wp\/v2\/posts\/61503\/revisions\/61584"}],"wp:featuredmedia":[{"embeddable":true,"href":"https:\/\/www.radiosanctispiritus.cu\/es\/wp-json\/wp\/v2\/media\/61556"}],"wp:attachment":[{"href":"https:\/\/www.radiosanctispiritus.cu\/es\/wp-json\/wp\/v2\/media?parent=61503"}],"wp:term":[{"taxonomy":"category","embeddable":true,"href":"https:\/\/www.radiosanctispiritus.cu\/es\/wp-json\/wp\/v2\/categories?post=61503"},{"taxonomy":"post_tag","embeddable":true,"href":"https:\/\/www.radiosanctispiritus.cu\/es\/wp-json\/wp\/v2\/tags?post=61503"},{"taxonomy":"author","embeddable":true,"href":"https:\/\/www.radiosanctispiritus.cu\/es\/wp-json\/wp\/v2\/coauthors?post=61503"}],"curies":[{"name":"wp","href":"https:\/\/api.w.org\/{rel}","templated":true}]}}