{"id":61493,"date":"2026-01-15T14:09:00","date_gmt":"2026-01-15T19:09:00","guid":{"rendered":"https:\/\/www.radiosanctispiritus.cu\/es\/?p=61493"},"modified":"2026-01-15T14:09:00","modified_gmt":"2026-01-15T19:09:00","slug":"cruz-roja-en-sancti-spiritus-sostiene-labor-humanitaria-pese-a-limitaciones-materiales","status":"publish","type":"post","link":"https:\/\/www.radiosanctispiritus.cu\/es\/cruz-roja-en-sancti-spiritus-sostiene-labor-humanitaria-pese-a-limitaciones-materiales\/","title":{"rendered":"Cruz Roja en Sancti Sp\u00edritus sostiene labor humanitaria pese a limitaciones materiales"},"content":{"rendered":"<p dir=\"ltr\">La Cruz Roja Cubana en Sancti Sp\u00edritus despleg\u00f3 en 2025 una intensa labor humanitaria pese a las carencias de combustible, transporte y electricidad que afectaron algunas tareas sin detener su trabajo esencial.<\/p>\n<p dir=\"ltr\">El voluntariado lider\u00f3 las labores de salvamento, rescate, apoyo psicol\u00f3gico, educaci\u00f3n comunitaria y primeros auxilios, consolidando el rol de la instituci\u00f3n como respaldo de las autoridades en todos los municipios, explic\u00f3 el Dr Severo Garc\u00eda Herranz, Secretario de la Filial Provincial de la Cruz Roja en Sancti Sp\u00edritus.<\/p>\n<p dir=\"ltr\">Ante brotes de Chikungunya y arbovirosis, la coordinaci\u00f3n con el sistema de salud se intensific\u00f3 para apoyar programas clave y asistir a grupos vulnerables en un contexto epidemiol\u00f3gico desafiante.<\/p>\n<p dir=\"ltr\">El frente de Restablecimiento del Contacto entre Familiares gestion\u00f3 una amplia red de voluntarios y comit\u00e9s locales, sin solicitudes nacionales pero con un tr\u00e1mite internacional hacia Estados Unidos y base de datos actualizada, a\u00f1adi\u00f3.<\/p>\n<p dir=\"ltr\">Operaciones y Socorro reuni\u00f3 a numerosos voluntarios, complet\u00f3 su equipo especial, mantuvo estructuras municipales y comunitarias, e imparti\u00f3 cursos de apoyo vital prehospitalario a pesar de las carencias en equipamiento para desastres.<\/p>\n<p dir=\"ltr\">La Cruz Roja en la provincia de Sancti Sp\u00edritus respald\u00f3 el Ejercicio Meteoro 2025 y eventos masivos culturales, deportivos y pol\u00edticos, con presencia fija en la Caravana de la Victoria, la Marcha de las Antorchas y los actos del Primero de Mayo, acot\u00f3 Dr Severo Garcia Herranz.<\/p>\n<p dir=\"ltr\">Seguridad Acu\u00e1tica despleg\u00f3 socorristas en m\u00faltiples \u00e1reas de ba\u00f1o conforme a normas cubanas, impuls\u00f3 campa\u00f1as de divulgaci\u00f3n y form\u00f3 nuevos integrantes, aunque registr\u00f3 un fallecimiento por asfixia en una playa de Trinidad.<\/p>\n<p dir=\"ltr\">El frente de Sustancias Peligrosas actualiz\u00f3 objetivos qu\u00edmicos y radiol\u00f3gicos, identific\u00f3 comunidades expuestas a derrames de hidrocarburos y sostuvo un plan de respuesta coordinado con medios r\u00fasticos suficientes para emergencias iniciales, finaliz\u00f3 el Dr Severo Garcia Herranz, Secretario de la Filial Provincial de la Cruz Roja en Sancti Sp\u00edritus.<\/p>\n","protected":false},"excerpt":{"rendered":"<p>La Cruz Roja Cubana en Sancti Sp\u00edritus despleg\u00f3 en 2025 una intensa labor humanitaria pese a las carencias de combustible, transporte y electricidad que afectaron algunas tareas sin detener su trabajo esencial.\u00a0<\/p>\n","protected":false},"author":18,"featured_media":14861,"comment_status":"open","ping_status":"open","sticky":false,"template":"","format":"standard","meta":{"_acf_changed":false,"footnotes":""},"categories":[8,9,5,1],"tags":[1998,1693],"coauthors":[1874],"class_list":["post-61493","post","type-post","status-publish","format-standard","has-post-thumbnail","hentry","category-noticia","category-en-audio","category-salud","category-sancti-spiritus","tag-cruz-roja","tag-cruz-roja-espirituana"],"acf":[],"_links":{"self":[{"href":"https:\/\/www.radiosanctispiritus.cu\/es\/wp-json\/wp\/v2\/posts\/61493","targetHints":{"allow":["GET"]}}],"collection":[{"href":"https:\/\/www.radiosanctispiritus.cu\/es\/wp-json\/wp\/v2\/posts"}],"about":[{"href":"https:\/\/www.radiosanctispiritus.cu\/es\/wp-json\/wp\/v2\/types\/post"}],"author":[{"embeddable":true,"href":"https:\/\/www.radiosanctispiritus.cu\/es\/wp-json\/wp\/v2\/users\/18"}],"replies":[{"embeddable":true,"href":"https:\/\/www.radiosanctispiritus.cu\/es\/wp-json\/wp\/v2\/comments?post=61493"}],"version-history":[{"count":1,"href":"https:\/\/www.radiosanctispiritus.cu\/es\/wp-json\/wp\/v2\/posts\/61493\/revisions"}],"predecessor-version":[{"id":61494,"href":"https:\/\/www.radiosanctispiritus.cu\/es\/wp-json\/wp\/v2\/posts\/61493\/revisions\/61494"}],"wp:featuredmedia":[{"embeddable":true,"href":"https:\/\/www.radiosanctispiritus.cu\/es\/wp-json\/wp\/v2\/media\/14861"}],"wp:attachment":[{"href":"https:\/\/www.radiosanctispiritus.cu\/es\/wp-json\/wp\/v2\/media?parent=61493"}],"wp:term":[{"taxonomy":"category","embeddable":true,"href":"https:\/\/www.radiosanctispiritus.cu\/es\/wp-json\/wp\/v2\/categories?post=61493"},{"taxonomy":"post_tag","embeddable":true,"href":"https:\/\/www.radiosanctispiritus.cu\/es\/wp-json\/wp\/v2\/tags?post=61493"},{"taxonomy":"author","embeddable":true,"href":"https:\/\/www.radiosanctispiritus.cu\/es\/wp-json\/wp\/v2\/coauthors?post=61493"}],"curies":[{"name":"wp","href":"https:\/\/api.w.org\/{rel}","templated":true}]}}