{"id":61490,"date":"2026-01-15T13:57:53","date_gmt":"2026-01-15T18:57:53","guid":{"rendered":"https:\/\/www.radiosanctispiritus.cu\/es\/?p=61490"},"modified":"2026-01-15T13:57:53","modified_gmt":"2026-01-15T18:57:53","slug":"honran-en-sancti-spiritus-en-pequeno-formato-al-heroe-nacional","status":"publish","type":"post","link":"https:\/\/www.radiosanctispiritus.cu\/es\/honran-en-sancti-spiritus-en-pequeno-formato-al-heroe-nacional\/","title":{"rendered":"Honran en Sancti Sp\u00edritus en peque\u00f1o formato al H\u00e9roe Nacional"},"content":{"rendered":"<p>Las 50 piezas que compiten en la edici\u00f3n decimonovena del evento Jos\u00e9 Mart\u00ed, la Ecolog\u00eda y las Artes, se muestran en la sede de la filial espirituana de la Sociedad Cultural Jos\u00e9 Mart\u00ed.<\/p>\n<p>Son de la autor\u00eda de creadores procedentes de las Tunas, Camag\u00fcey, Ciego de \u00c1vila, Sancti Sp\u00edritus, Villa Clara y Cienfuegos, y aunque el n\u00famero es mucho menor que en otras ediciones, la calidad se impone, de acuerdo con Nelson Wenceslao, uno de sus gestores.<\/p>\n<p><iframe src=\"https:\/\/www.ivoox.com\/player_ej_166761340_6_1.html?c1=7a0d0b\" width=\"100%\" height=\"200\" frameborder=\"0\" scrolling=\"no\" allowfullscreen=\"allowfullscreen\"><\/iframe><\/p>\n","protected":false},"excerpt":{"rendered":"<p>Las 50 piezas que compiten en la edici\u00f3n decimonovena del evento Jos\u00e9 Mart\u00ed, la Ecolog\u00eda y las Artes, se muestran en la sede de la filial espirituana de la Sociedad Cultural Jos\u00e9 Mart\u00ed.<\/p>\n","protected":false},"author":12,"featured_media":61491,"comment_status":"open","ping_status":"open","sticky":false,"template":"","format":"standard","meta":{"_acf_changed":false,"footnotes":""},"categories":[8,6,9,1],"tags":[281,636,439],"coauthors":[1864],"class_list":["post-61490","post","type-post","status-publish","format-standard","has-post-thumbnail","hentry","category-noticia","category-cultura","category-en-audio","category-sancti-spiritus","tag-artes-plasticas","tag-jose-marti","tag-sociedad-cultural-jose-marti"],"acf":[],"_links":{"self":[{"href":"https:\/\/www.radiosanctispiritus.cu\/es\/wp-json\/wp\/v2\/posts\/61490","targetHints":{"allow":["GET"]}}],"collection":[{"href":"https:\/\/www.radiosanctispiritus.cu\/es\/wp-json\/wp\/v2\/posts"}],"about":[{"href":"https:\/\/www.radiosanctispiritus.cu\/es\/wp-json\/wp\/v2\/types\/post"}],"author":[{"embeddable":true,"href":"https:\/\/www.radiosanctispiritus.cu\/es\/wp-json\/wp\/v2\/users\/12"}],"replies":[{"embeddable":true,"href":"https:\/\/www.radiosanctispiritus.cu\/es\/wp-json\/wp\/v2\/comments?post=61490"}],"version-history":[{"count":1,"href":"https:\/\/www.radiosanctispiritus.cu\/es\/wp-json\/wp\/v2\/posts\/61490\/revisions"}],"predecessor-version":[{"id":61492,"href":"https:\/\/www.radiosanctispiritus.cu\/es\/wp-json\/wp\/v2\/posts\/61490\/revisions\/61492"}],"wp:featuredmedia":[{"embeddable":true,"href":"https:\/\/www.radiosanctispiritus.cu\/es\/wp-json\/wp\/v2\/media\/61491"}],"wp:attachment":[{"href":"https:\/\/www.radiosanctispiritus.cu\/es\/wp-json\/wp\/v2\/media?parent=61490"}],"wp:term":[{"taxonomy":"category","embeddable":true,"href":"https:\/\/www.radiosanctispiritus.cu\/es\/wp-json\/wp\/v2\/categories?post=61490"},{"taxonomy":"post_tag","embeddable":true,"href":"https:\/\/www.radiosanctispiritus.cu\/es\/wp-json\/wp\/v2\/tags?post=61490"},{"taxonomy":"author","embeddable":true,"href":"https:\/\/www.radiosanctispiritus.cu\/es\/wp-json\/wp\/v2\/coauthors?post=61490"}],"curies":[{"name":"wp","href":"https:\/\/api.w.org\/{rel}","templated":true}]}}