{"id":61479,"date":"2026-01-15T09:46:08","date_gmt":"2026-01-15T14:46:08","guid":{"rendered":"https:\/\/www.radiosanctispiritus.cu\/es\/?p=61479"},"modified":"2026-01-15T10:05:09","modified_gmt":"2026-01-15T15:05:09","slug":"cuba-honra-a-los-heroes-de-la-patria","status":"publish","type":"post","link":"https:\/\/www.radiosanctispiritus.cu\/es\/cuba-honra-a-los-heroes-de-la-patria\/","title":{"rendered":"Cuba honra a los H\u00e9roes de la Patria"},"content":{"rendered":"<p>Pasadas las nueve de la ma\u00f1ana llegaron a la sede del Ministerio de las Fuerzas Armadas Revolucionarias, en el municipio Plaza de la Revoluci\u00f3n, los restos mortales de los 32 cubanos ca\u00eddos en el cumplimiento del deber en Venezuela.<\/p>\n<p>La entrada del batall\u00f3n de ceremonia de las FAR, portando los f\u00e9retros, marc\u00f3 uno de los momentos m\u00e1s solemnes de la jornada.<\/p>\n<p>Dentro del recinto se desarrolla la ceremonia militar. Los primeros en rendir tributo son sus compa\u00f1eros de armas, formados con rigor y silencio.<\/p>\n<p>Los armones permanecen expuestos, cada uno acompa\u00f1ado por la fotograf\u00eda del combatiente que regresa al seno de su hogar, un gesto que devuelve nombres y rostros a la despedida.<\/p>\n<p>En las afueras del Ministerio, el ambiente es de recogimiento. Corren l\u00e1grimas por las mejillas de muchos de quienes esperan para dar el \u00faltimo adi\u00f3s.<br \/>\nHay presencia de representantes del Ministerio del Interior, de las Fuerzas Armadas Revolucionarias, de la Asociaci\u00f3n de Combatientes de Cuba y de organizaciones pol\u00edticas y de masas. Hombres y mujeres de entera confianza, unidos en el mismo gesto de respeto.<\/p>\n<p>Las puertas tambi\u00e9n est\u00e1n abiertas para toda la poblaci\u00f3n, que podr\u00e1 llegar a la sede del Minfar hasta las seis de la tarde y rendir tributo a sus h\u00e9roes.<\/p>\n<p>&nbsp;<\/p>\n","protected":false},"excerpt":{"rendered":"<p>Pasadas las nueve de la ma\u00f1ana llegaron a la sede del Ministerio de las Fuerzas Armadas Revolucionarias, en el municipio Plaza de la Revoluci\u00f3n, los restos mortales de los 32 cubanos ca\u00eddos en el cumplimiento del deber en Venezuela.<\/p>\n","protected":false},"author":26,"featured_media":61486,"comment_status":"open","ping_status":"open","sticky":false,"template":"","format":"standard","meta":{"_acf_changed":false,"footnotes":""},"categories":[3],"tags":[50,2152,1326,2153,2154,2156,2157,2155,152],"coauthors":[1887],"class_list":["post-61479","post","type-post","status-publish","format-standard","has-post-thumbnail","hentry","category-cuba","tag-cuba","tag-cubanos","tag-estados-unidos","tag-funeral","tag-heroes","tag-internacionalismo","tag-ministerio-de-las-fuerzas-armadas-revolucionarias-minfar","tag-muertos","tag-venezuela"],"acf":[],"_links":{"self":[{"href":"https:\/\/www.radiosanctispiritus.cu\/es\/wp-json\/wp\/v2\/posts\/61479","targetHints":{"allow":["GET"]}}],"collection":[{"href":"https:\/\/www.radiosanctispiritus.cu\/es\/wp-json\/wp\/v2\/posts"}],"about":[{"href":"https:\/\/www.radiosanctispiritus.cu\/es\/wp-json\/wp\/v2\/types\/post"}],"author":[{"embeddable":true,"href":"https:\/\/www.radiosanctispiritus.cu\/es\/wp-json\/wp\/v2\/users\/26"}],"replies":[{"embeddable":true,"href":"https:\/\/www.radiosanctispiritus.cu\/es\/wp-json\/wp\/v2\/comments?post=61479"}],"version-history":[{"count":2,"href":"https:\/\/www.radiosanctispiritus.cu\/es\/wp-json\/wp\/v2\/posts\/61479\/revisions"}],"predecessor-version":[{"id":61485,"href":"https:\/\/www.radiosanctispiritus.cu\/es\/wp-json\/wp\/v2\/posts\/61479\/revisions\/61485"}],"wp:featuredmedia":[{"embeddable":true,"href":"https:\/\/www.radiosanctispiritus.cu\/es\/wp-json\/wp\/v2\/media\/61486"}],"wp:attachment":[{"href":"https:\/\/www.radiosanctispiritus.cu\/es\/wp-json\/wp\/v2\/media?parent=61479"}],"wp:term":[{"taxonomy":"category","embeddable":true,"href":"https:\/\/www.radiosanctispiritus.cu\/es\/wp-json\/wp\/v2\/categories?post=61479"},{"taxonomy":"post_tag","embeddable":true,"href":"https:\/\/www.radiosanctispiritus.cu\/es\/wp-json\/wp\/v2\/tags?post=61479"},{"taxonomy":"author","embeddable":true,"href":"https:\/\/www.radiosanctispiritus.cu\/es\/wp-json\/wp\/v2\/coauthors?post=61479"}],"curies":[{"name":"wp","href":"https:\/\/api.w.org\/{rel}","templated":true}]}}