{"id":61472,"date":"2026-01-15T09:16:55","date_gmt":"2026-01-15T14:16:55","guid":{"rendered":"https:\/\/www.radiosanctispiritus.cu\/es\/?p=61472"},"modified":"2026-01-15T09:48:00","modified_gmt":"2026-01-15T14:48:00","slug":"en-marcha-cortejo-funebre-de-los-32-heroes-cubanos","status":"publish","type":"post","link":"https:\/\/www.radiosanctispiritus.cu\/es\/en-marcha-cortejo-funebre-de-los-32-heroes-cubanos\/","title":{"rendered":"En marcha cortejo f\u00fanebre de los 32 h\u00e9roes cubanos"},"content":{"rendered":"<p>La caravana f\u00fanebre que traslada los restos mortales de los 32 combatientes ca\u00eddos en el cumplimiento del deber en Venezuela\u00a0avanza desde horas tempranas de este jueves por la Avenida Rancho Boyeros, rumbo a la sede del Ministerio de las Fuerzas Armadas Revolucionarias.<\/p>\n<p>Seis veh\u00edculos militares conducen el cortejo, en un trayecto marcado por el silencio, la disciplina y el respeto.<\/p>\n<p>A ambos lados de la avenida, cientos de cubanos se han concentrado desde horas tempranas para rendir homenaje.<\/p>\n<p>Desde las aceras,\u00a0muchos permanecen de pie, otros dicen adi\u00f3s con la mano o hacen el saludo militar.\u00a0Es un acompa\u00f1amiento colectivo que convierte el recorrido en un acto de despedida compartida, desde la dignidad.<\/p>\n<p>Banderas nacionales, carteles y gestos sencillos se imponen, junto a la presencia contenida de un pueblo que espera, observa y honra.<\/p>\n<p>El traslado constituye un momento central del tributo popular.\u00a0Al llegar a la sede del Ministerio de las FAR, los restos mortales quedar\u00e1n expuestos para el homenaje del pueblo cubano.<\/p>\n<p>Hasta las 6:00 de la tarde, la poblaci\u00f3n podr\u00e1 acudir a rendir tributo a los combatientes, en un ambiente de recogimiento y respeto, como parte del adi\u00f3s a quienes cumplieron su deber y regresan definitivamente a la Patria.<\/p>\n","protected":false},"excerpt":{"rendered":"<p>La caravana f\u00fanebre que traslada los restos mortales de los 32 combatientes ca\u00eddos en el cumplimiento del deber en Venezuela\u00a0avanza desde horas tempranas de este jueves por la Avenida Rancho Boyeros, rumbo a la sede del Ministerio de las Fuerzas Armadas Revolucionarias.<\/p>\n","protected":false},"author":26,"featured_media":61473,"comment_status":"open","ping_status":"open","sticky":false,"template":"","format":"standard","meta":{"_acf_changed":false,"footnotes":""},"categories":[1],"tags":[50,2152,1326,2153,2154,2155,152],"coauthors":[1887],"class_list":["post-61472","post","type-post","status-publish","format-standard","has-post-thumbnail","hentry","category-sancti-spiritus","tag-cuba","tag-cubanos","tag-estados-unidos","tag-funeral","tag-heroes","tag-muertos","tag-venezuela"],"acf":[],"_links":{"self":[{"href":"https:\/\/www.radiosanctispiritus.cu\/es\/wp-json\/wp\/v2\/posts\/61472","targetHints":{"allow":["GET"]}}],"collection":[{"href":"https:\/\/www.radiosanctispiritus.cu\/es\/wp-json\/wp\/v2\/posts"}],"about":[{"href":"https:\/\/www.radiosanctispiritus.cu\/es\/wp-json\/wp\/v2\/types\/post"}],"author":[{"embeddable":true,"href":"https:\/\/www.radiosanctispiritus.cu\/es\/wp-json\/wp\/v2\/users\/26"}],"replies":[{"embeddable":true,"href":"https:\/\/www.radiosanctispiritus.cu\/es\/wp-json\/wp\/v2\/comments?post=61472"}],"version-history":[{"count":3,"href":"https:\/\/www.radiosanctispiritus.cu\/es\/wp-json\/wp\/v2\/posts\/61472\/revisions"}],"predecessor-version":[{"id":61484,"href":"https:\/\/www.radiosanctispiritus.cu\/es\/wp-json\/wp\/v2\/posts\/61472\/revisions\/61484"}],"wp:featuredmedia":[{"embeddable":true,"href":"https:\/\/www.radiosanctispiritus.cu\/es\/wp-json\/wp\/v2\/media\/61473"}],"wp:attachment":[{"href":"https:\/\/www.radiosanctispiritus.cu\/es\/wp-json\/wp\/v2\/media?parent=61472"}],"wp:term":[{"taxonomy":"category","embeddable":true,"href":"https:\/\/www.radiosanctispiritus.cu\/es\/wp-json\/wp\/v2\/categories?post=61472"},{"taxonomy":"post_tag","embeddable":true,"href":"https:\/\/www.radiosanctispiritus.cu\/es\/wp-json\/wp\/v2\/tags?post=61472"},{"taxonomy":"author","embeddable":true,"href":"https:\/\/www.radiosanctispiritus.cu\/es\/wp-json\/wp\/v2\/coauthors?post=61472"}],"curies":[{"name":"wp","href":"https:\/\/api.w.org\/{rel}","templated":true}]}}