{"id":61467,"date":"2026-01-15T09:22:08","date_gmt":"2026-01-15T14:22:08","guid":{"rendered":"https:\/\/www.radiosanctispiritus.cu\/es\/?p=61467"},"modified":"2026-01-15T09:26:59","modified_gmt":"2026-01-15T14:26:59","slug":"compartimos-la-senal-en-directo-de-canal-caribe","status":"publish","type":"post","link":"https:\/\/www.radiosanctispiritus.cu\/es\/compartimos-la-senal-en-directo-de-canal-caribe\/","title":{"rendered":"Compartimos la se\u00f1al EN DIRECTO de Canal Caribe"},"content":{"rendered":"<p>Encabezado por el General de Ej\u00e9rcito Ra\u00fal Castro Ruz, L\u00edder al Frente de la Revoluci\u00f3n Cubana, y por el Primer Secretario del Comit\u00e9 Central del Partido y Presidente de la Rep\u00fablica, Miguel D\u00edaz-Canel Berm\u00fadez, se realiza el Primer Homenaje a los H\u00e9roes Ca\u00eddos en el Areopuerto Jos\u00e9 Mart\u00ed.CubaHonra y recibe los restos mortales de los 32 combatientes asesinados por EE.UU. en la agresi\u00f3n a Venezuela.<\/p>\n<p><iframe src=\"https:\/\/www.facebook.com\/plugins\/video.php?href=https%3A%2F%2Fwww.facebook.com%2Fcubadebate%2Fvideos%2F1619408229213044%2F&#038;show_text=0&#038;width=560\" width=\"560\" height=\"315\" style=\"border:none;overflow:hidden\" scrolling=\"no\" frameborder=\"0\" allowfullscreen=\"true\" allow=\"autoplay; clipboard-write; encrypted-media; picture-in-picture; web-share\" allowFullScreen=\"true\"><\/iframe><\/p>\n","protected":false},"excerpt":{"rendered":"<p>Cuba Honra y recibe los restos mortales de los 32 combatientes asesinados por EE.UU. en la agresi\u00f3n a Venezuela.<\/p>\n","protected":false},"author":4,"featured_media":61476,"comment_status":"open","ping_status":"open","sticky":false,"template":"","format":"standard","meta":{"_acf_changed":false,"footnotes":""},"categories":[8,3,12],"tags":[2147,328,50,241],"coauthors":[1883],"class_list":["post-61467","post","type-post","status-publish","format-standard","has-post-thumbnail","hentry","category-noticia","category-cuba","category-sugerencia","tag-ataque-contra-venezuela","tag-combatientes","tag-cuba","tag-cuba-venezuela"],"acf":[],"_links":{"self":[{"href":"https:\/\/www.radiosanctispiritus.cu\/es\/wp-json\/wp\/v2\/posts\/61467","targetHints":{"allow":["GET"]}}],"collection":[{"href":"https:\/\/www.radiosanctispiritus.cu\/es\/wp-json\/wp\/v2\/posts"}],"about":[{"href":"https:\/\/www.radiosanctispiritus.cu\/es\/wp-json\/wp\/v2\/types\/post"}],"author":[{"embeddable":true,"href":"https:\/\/www.radiosanctispiritus.cu\/es\/wp-json\/wp\/v2\/users\/4"}],"replies":[{"embeddable":true,"href":"https:\/\/www.radiosanctispiritus.cu\/es\/wp-json\/wp\/v2\/comments?post=61467"}],"version-history":[{"count":4,"href":"https:\/\/www.radiosanctispiritus.cu\/es\/wp-json\/wp\/v2\/posts\/61467\/revisions"}],"predecessor-version":[{"id":61481,"href":"https:\/\/www.radiosanctispiritus.cu\/es\/wp-json\/wp\/v2\/posts\/61467\/revisions\/61481"}],"wp:featuredmedia":[{"embeddable":true,"href":"https:\/\/www.radiosanctispiritus.cu\/es\/wp-json\/wp\/v2\/media\/61476"}],"wp:attachment":[{"href":"https:\/\/www.radiosanctispiritus.cu\/es\/wp-json\/wp\/v2\/media?parent=61467"}],"wp:term":[{"taxonomy":"category","embeddable":true,"href":"https:\/\/www.radiosanctispiritus.cu\/es\/wp-json\/wp\/v2\/categories?post=61467"},{"taxonomy":"post_tag","embeddable":true,"href":"https:\/\/www.radiosanctispiritus.cu\/es\/wp-json\/wp\/v2\/tags?post=61467"},{"taxonomy":"author","embeddable":true,"href":"https:\/\/www.radiosanctispiritus.cu\/es\/wp-json\/wp\/v2\/coauthors?post=61467"}],"curies":[{"name":"wp","href":"https:\/\/api.w.org\/{rel}","templated":true}]}}