{"id":61432,"date":"2026-01-15T09:30:28","date_gmt":"2026-01-15T14:30:28","guid":{"rendered":"https:\/\/www.radiosanctispiritus.cu\/es\/?p=61432"},"modified":"2026-01-15T13:49:15","modified_gmt":"2026-01-15T18:49:15","slug":"quienes-son-los-heroes-a-los-que-cuba-rinde-homenaje-hoy","status":"publish","type":"post","link":"https:\/\/www.radiosanctispiritus.cu\/es\/quienes-son-los-heroes-a-los-que-cuba-rinde-homenaje-hoy\/","title":{"rendered":"\u00bfQui\u00e9nes son los h\u00e9roes a los que Cuba rinde homenaje ?"},"content":{"rendered":"<p>No son figuras legendarias de un pasado lejano. Son rostros cercanos, sonrisas que a\u00fan recordamos, manos que construyeron, curaron y ense\u00f1aron. Son los hijos e hijas de la Patria que ofrendaron su vida en misi\u00f3n de solidaridad.<\/p>\n<p>Hoy, la memoria oficial se detiene para nombrarlos, para tejer su historia en el alma colectiva de la naci\u00f3n. No los llamamos v\u00edctimas, los llamamos h\u00e9roes.<\/p>\n<p><img decoding=\"async\" class=\"aligncenter size-full wp-image-61433\" src=\"https:\/\/www.radiosanctispiritus.cu\/es\/wp-content\/uploads\/biografia-caidos-1.jpg\" alt=\"\" width=\"594\" height=\"768\" \/> <img decoding=\"async\" class=\"aligncenter size-medium wp-image-61434\" src=\"https:\/\/www.radiosanctispiritus.cu\/es\/wp-content\/uploads\/biografia-caidos-2.jpg\" alt=\"\" width=\"594\" height=\"768\" \/> <img decoding=\"async\" class=\"aligncenter size-medium wp-image-61435\" src=\"https:\/\/www.radiosanctispiritus.cu\/es\/wp-content\/uploads\/biografia-caidos-3.jpg\" alt=\"\" width=\"594\" height=\"768\" \/> <img decoding=\"async\" class=\"aligncenter size-medium wp-image-61436\" src=\"https:\/\/www.radiosanctispiritus.cu\/es\/wp-content\/uploads\/biografia-caidos-4.jpg\" alt=\"\" width=\"594\" height=\"768\" \/> <img decoding=\"async\" class=\"aligncenter size-medium wp-image-61437\" src=\"https:\/\/www.radiosanctispiritus.cu\/es\/wp-content\/uploads\/biografia-caidos-5.jpg\" alt=\"\" width=\"594\" height=\"768\" \/> <img decoding=\"async\" class=\"aligncenter size-medium wp-image-61438\" src=\"https:\/\/www.radiosanctispiritus.cu\/es\/wp-content\/uploads\/biografia-caidos-6.jpg\" alt=\"\" width=\"594\" height=\"768\" \/> <img decoding=\"async\" class=\"aligncenter size-medium wp-image-61439\" src=\"https:\/\/www.radiosanctispiritus.cu\/es\/wp-content\/uploads\/biografia-caidos-7.jpg\" alt=\"\" width=\"594\" height=\"768\" \/> <img decoding=\"async\" class=\"aligncenter size-medium wp-image-61440\" src=\"https:\/\/www.radiosanctispiritus.cu\/es\/wp-content\/uploads\/biografia-caidos-8.jpg\" alt=\"\" width=\"594\" height=\"768\" \/> <img decoding=\"async\" class=\"aligncenter size-medium wp-image-61441\" src=\"https:\/\/www.radiosanctispiritus.cu\/es\/wp-content\/uploads\/biografia-caidos-9.jpg\" alt=\"\" width=\"594\" height=\"768\" \/> <img decoding=\"async\" class=\"aligncenter size-medium wp-image-61442\" src=\"https:\/\/www.radiosanctispiritus.cu\/es\/wp-content\/uploads\/biografia-caidos-10.jpg\" alt=\"\" width=\"594\" height=\"768\" \/> <img decoding=\"async\" class=\"aligncenter size-medium wp-image-61443\" src=\"https:\/\/www.radiosanctispiritus.cu\/es\/wp-content\/uploads\/biografia-caidos-11.jpg\" alt=\"\" width=\"594\" height=\"768\" \/> <img decoding=\"async\" class=\"aligncenter size-medium wp-image-61444\" src=\"https:\/\/www.radiosanctispiritus.cu\/es\/wp-content\/uploads\/biografia-caidos-12.jpg\" alt=\"\" width=\"576\" height=\"768\" \/> <img decoding=\"async\" class=\"aligncenter size-medium wp-image-61445\" src=\"https:\/\/www.radiosanctispiritus.cu\/es\/wp-content\/uploads\/biografia-caidos-13.jpg\" alt=\"\" width=\"576\" height=\"768\" \/> <img decoding=\"async\" class=\"aligncenter size-medium wp-image-61446\" src=\"https:\/\/www.radiosanctispiritus.cu\/es\/wp-content\/uploads\/biografia-caidos-14.jpg\" alt=\"\" width=\"576\" height=\"768\" \/> <img decoding=\"async\" class=\"aligncenter size-medium wp-image-61447\" src=\"https:\/\/www.radiosanctispiritus.cu\/es\/wp-content\/uploads\/biografia-caidos-15.jpg\" alt=\"\" width=\"576\" height=\"768\" \/> <img decoding=\"async\" class=\"aligncenter size-medium wp-image-61448\" src=\"https:\/\/www.radiosanctispiritus.cu\/es\/wp-content\/uploads\/biografia-caidos-16.jpg\" alt=\"\" width=\"576\" height=\"768\" \/> <img decoding=\"async\" class=\"aligncenter size-medium wp-image-61449\" src=\"https:\/\/www.radiosanctispiritus.cu\/es\/wp-content\/uploads\/biografia-caidos-17.jpg\" alt=\"\" width=\"576\" height=\"768\" \/> <img decoding=\"async\" class=\"aligncenter size-medium wp-image-61450\" src=\"https:\/\/www.radiosanctispiritus.cu\/es\/wp-content\/uploads\/biografia-caidos-18.jpg\" alt=\"\" width=\"576\" height=\"768\" \/> <img decoding=\"async\" class=\"aligncenter size-medium wp-image-61451\" src=\"https:\/\/www.radiosanctispiritus.cu\/es\/wp-content\/uploads\/biografia-caidos-19.jpg\" alt=\"\" width=\"576\" height=\"768\" \/> <img decoding=\"async\" class=\"aligncenter size-medium wp-image-61452\" src=\"https:\/\/www.radiosanctispiritus.cu\/es\/wp-content\/uploads\/biografia-caidos-20.jpg\" alt=\"\" width=\"576\" height=\"768\" \/> <img decoding=\"async\" class=\"aligncenter size-medium wp-image-61453\" src=\"https:\/\/www.radiosanctispiritus.cu\/es\/wp-content\/uploads\/biografia-caidos-21.jpg\" alt=\"\" width=\"576\" height=\"768\" \/> <img decoding=\"async\" class=\"aligncenter size-medium wp-image-61454\" src=\"https:\/\/www.radiosanctispiritus.cu\/es\/wp-content\/uploads\/biografia-caidos-22.jpg\" alt=\"\" width=\"576\" height=\"768\" \/> <img decoding=\"async\" class=\"aligncenter size-medium wp-image-61455\" src=\"https:\/\/www.radiosanctispiritus.cu\/es\/wp-content\/uploads\/biografia-caidos-23.jpg\" alt=\"\" width=\"576\" height=\"768\" \/> <img decoding=\"async\" class=\"aligncenter size-medium wp-image-61456\" src=\"https:\/\/www.radiosanctispiritus.cu\/es\/wp-content\/uploads\/biografia-caidos-24.jpg\" alt=\"\" width=\"576\" height=\"768\" \/> <img decoding=\"async\" class=\"aligncenter size-medium wp-image-61457\" src=\"https:\/\/www.radiosanctispiritus.cu\/es\/wp-content\/uploads\/biografia-caidos-25.jpg\" alt=\"\" width=\"576\" height=\"768\" \/> <img decoding=\"async\" class=\"aligncenter size-medium wp-image-61458\" src=\"https:\/\/www.radiosanctispiritus.cu\/es\/wp-content\/uploads\/biografia-caidos-26.jpg\" alt=\"\" width=\"576\" height=\"768\" \/> <img decoding=\"async\" class=\"aligncenter size-medium wp-image-61459\" src=\"https:\/\/www.radiosanctispiritus.cu\/es\/wp-content\/uploads\/biografia-caidos-27.jpg\" alt=\"\" width=\"576\" height=\"768\" \/> <img decoding=\"async\" class=\"aligncenter size-medium wp-image-61460\" src=\"https:\/\/www.radiosanctispiritus.cu\/es\/wp-content\/uploads\/biografia-caidos-28.jpg\" alt=\"\" width=\"576\" height=\"768\" \/> <img decoding=\"async\" class=\"aligncenter size-medium wp-image-61461\" src=\"https:\/\/www.radiosanctispiritus.cu\/es\/wp-content\/uploads\/biografia-caidos-29.jpg\" alt=\"\" width=\"576\" height=\"768\" \/> <img decoding=\"async\" class=\"aligncenter size-medium wp-image-61462\" src=\"https:\/\/www.radiosanctispiritus.cu\/es\/wp-content\/uploads\/biografia-caidos-30.jpg\" alt=\"\" width=\"576\" height=\"768\" \/> <img decoding=\"async\" class=\"aligncenter size-medium wp-image-61463\" src=\"https:\/\/www.radiosanctispiritus.cu\/es\/wp-content\/uploads\/biografia-caidos-31.jpg\" alt=\"\" width=\"576\" height=\"768\" \/> <img decoding=\"async\" class=\"aligncenter size-medium wp-image-61464\" src=\"https:\/\/www.radiosanctispiritus.cu\/es\/wp-content\/uploads\/biografia-caidos-32.jpg\" alt=\"\" width=\"576\" height=\"768\" \/><\/p>\n<p>&nbsp;<\/p>\n<p>&nbsp;<\/p>\n<p>&nbsp;<\/p>\n","protected":false},"excerpt":{"rendered":"<p>No son figuras legendarias de un pasado lejano. Son rostros cercanos, sonrisas que a\u00fan recordamos, manos que construyeron, curaron y ense\u00f1aron. Son los hijos e hijas de la Patria que ofrendaron su vida en misi\u00f3n de solidaridad. Hoy, la memoria oficial se detiene para nombrarlos, para tejer su historia en el alma colectiva de la [&hellip;]<\/p>\n","protected":false},"author":26,"featured_media":61465,"comment_status":"open","ping_status":"open","sticky":false,"template":"","format":"standard","meta":{"_acf_changed":false,"footnotes":""},"categories":[3,12],"tags":[50,2152,1326,2153,2154,2155,152],"coauthors":[1887],"class_list":["post-61432","post","type-post","status-publish","format-standard","has-post-thumbnail","hentry","category-cuba","category-sugerencia","tag-cuba","tag-cubanos","tag-estados-unidos","tag-funeral","tag-heroes","tag-muertos","tag-venezuela"],"acf":[],"_links":{"self":[{"href":"https:\/\/www.radiosanctispiritus.cu\/es\/wp-json\/wp\/v2\/posts\/61432","targetHints":{"allow":["GET"]}}],"collection":[{"href":"https:\/\/www.radiosanctispiritus.cu\/es\/wp-json\/wp\/v2\/posts"}],"about":[{"href":"https:\/\/www.radiosanctispiritus.cu\/es\/wp-json\/wp\/v2\/types\/post"}],"author":[{"embeddable":true,"href":"https:\/\/www.radiosanctispiritus.cu\/es\/wp-json\/wp\/v2\/users\/26"}],"replies":[{"embeddable":true,"href":"https:\/\/www.radiosanctispiritus.cu\/es\/wp-json\/wp\/v2\/comments?post=61432"}],"version-history":[{"count":4,"href":"https:\/\/www.radiosanctispiritus.cu\/es\/wp-json\/wp\/v2\/posts\/61432\/revisions"}],"predecessor-version":[{"id":61489,"href":"https:\/\/www.radiosanctispiritus.cu\/es\/wp-json\/wp\/v2\/posts\/61432\/revisions\/61489"}],"wp:featuredmedia":[{"embeddable":true,"href":"https:\/\/www.radiosanctispiritus.cu\/es\/wp-json\/wp\/v2\/media\/61465"}],"wp:attachment":[{"href":"https:\/\/www.radiosanctispiritus.cu\/es\/wp-json\/wp\/v2\/media?parent=61432"}],"wp:term":[{"taxonomy":"category","embeddable":true,"href":"https:\/\/www.radiosanctispiritus.cu\/es\/wp-json\/wp\/v2\/categories?post=61432"},{"taxonomy":"post_tag","embeddable":true,"href":"https:\/\/www.radiosanctispiritus.cu\/es\/wp-json\/wp\/v2\/tags?post=61432"},{"taxonomy":"author","embeddable":true,"href":"https:\/\/www.radiosanctispiritus.cu\/es\/wp-json\/wp\/v2\/coauthors?post=61432"}],"curies":[{"name":"wp","href":"https:\/\/api.w.org\/{rel}","templated":true}]}}