{"id":61424,"date":"2026-01-15T08:36:39","date_gmt":"2026-01-15T13:36:39","guid":{"rendered":"https:\/\/www.radiosanctispiritus.cu\/es\/?p=61424"},"modified":"2026-01-15T10:09:19","modified_gmt":"2026-01-15T15:09:19","slug":"llegan-a-cuba-los-restos-mortales-de-los-32-combatientes-caidos-en-venezuela","status":"publish","type":"post","link":"https:\/\/www.radiosanctispiritus.cu\/es\/llegan-a-cuba-los-restos-mortales-de-los-32-combatientes-caidos-en-venezuela\/","title":{"rendered":"Llegan a Cuba los restos mortales de los 32 combatientes ca\u00eddos en Venezuela"},"content":{"rendered":"<p>Al amanecer de este jueves, arrib\u00f3 la aeronave que traslad\u00f3 los restos mortales de los 32 cubanos ca\u00eddos en Venezuela el pasado 3 de enero, en el cumplimiento de su deber.<\/p>\n<p>En la pista del Aeropuerto Internacional Jos\u00e9 Mart\u00ed, el silencio marc\u00f3 el primer homenaje p\u00f3stumo\u00a0a los 32 cubanos ca\u00eddos durante el ataque perpetrado por Estados Unidos contra Venezuela.<\/p>\n<p>Encabezado por el General de Ej\u00e9rcito Ra\u00fal Castro Ruz, L\u00edder al Frente de la Revoluci\u00f3n Cubana, y por el Primer Secretario del Comit\u00e9 Central del Partido y Presidente de la Rep\u00fablica, Miguel D\u00edaz-Canel Berm\u00fadez, se realiza el Primer Homenaje a los H\u00e9roes Ca\u00eddos en el Areopuerto Jos\u00e9 Mart\u00ed.CubaHonra y recibe los restos mortales de los 32 combatientes asesinados por EE.UU. en la agresi\u00f3n a Venezuela.<\/p>\n<p>La ceremonia militar es breve y sobria. Basta la formaci\u00f3n, los rostros contenidos y ese instante en que el pa\u00eds reconoce a quienes regresan para siempre, arropados en su bandera.<\/p>\n<p>Las palabras de la ceremonia fueron pronunciadas por el ministro del Interior L\u00e1zaro Alfredo \u00c1lvarez Casas, quien afirm\u00f3 que los combatientes\u00a0\u201ccayeron lejos de su hogar, pero no de su deber\u201d, y subray\u00f3 que al recibir sus restos mortales Cuba renueva ante ellos su lealtad a la Patria y a la unidad de Am\u00e9rica Latina.<\/p>\n<p>\u201cLos recibimos con profundo orgullo y eterno compromiso, porque sabemos que la muerte no derrota a quienes caen con el fusil en la mano defendiendo una causa justa\u201d, expres\u00f3.<\/p>\n<p>\u00c1lvarez Casas se\u00f1al\u00f3 que los ca\u00eddos \u201cson una nueva luz que nos refuerza, nos enaltece y nos compromete\u201d, y precis\u00f3 que la bandera que los cubre no representa una ausencia. \u201cTraen consigo el ejemplo de la entrega, el valor y la fidelidad\u201d, dijo, al evocar las horas dif\u00edciles de la madrugada del 3 de enero, cuando \u2014record\u00f3\u2014 los combatientes cubanos estuvieron all\u00ed, fieles al legado del internacionalismo que ha marcado cada etapa de la Revoluci\u00f3n.<\/p>\n<p>\u00c1lvarez Casas afirm\u00f3 que Venezuela no fue para ellos una patria distante, sino un espacio donde se entrelazan Mart\u00ed y Bol\u00edvar, Ch\u00e1vez y Fidel.\u00a0\u201cCayeron combatiendo y ascendieron para siempre a la historia\u201d, sostuvo, al tiempo que ratific\u00f3 que Cuba no claudica, aun cuando defender la dignidad implique pagar un alto precio. \u201cNuestros combatientes lucharon con el mismo \u00edmpetu que los mambises y los rebeldes\u201d, a\u00f1adi\u00f3.<\/p>\n<p>El ministro destac\u00f3 que los compa\u00f1eros fueron recibidos \u201ccon el orgullo de saber que pelearon hasta la \u00faltima bala y ofrendaron su vida en el cumplimiento de la misi\u00f3n encomendada\u201d.<\/p>\n<p>\u00c1lvarez Casas record\u00f3 que detr\u00e1s de cada nombre hay rostros y familias, padres, hijos, esposos y hermanos que hoy sufren una p\u00e9rdida irreparable. En ese contexto, hizo suyas las palabras de Fidel Castro: \u201cNo podemos decir que el dolor se comparte; el dolor se multiplica\u201d.<\/p>\n<p>Finalmente, expres\u00f3 que\u00a0la Patria se yergue ante ellos con respeto y gratitud.\u00a0\u201cSus muertos son nuestros muertos\u201d, afirm\u00f3, y sostuvo que si algo ha demostrado esta dolorosa p\u00e1gina de la historia es que el imperialismo podr\u00e1 tener armas m\u00e1s sofisticadas, \u201cpero hay algo que jam\u00e1s podr\u00e1 comprar: la dignidad del pueblo cubano\u201d.<\/p>\n<p>Con las primeras luces del alba el pueblo tambi\u00e9n los espera. A ambos lados de la Avenida Rancho Boyeros se han reunido cientos de cubanos, que rendir\u00e1n honores a sus compatriotas, mientras los f\u00e9retros transitan hacia el Ministerio de las Fuerzas Armadas Revolucionarias.<\/p>\n","protected":false},"excerpt":{"rendered":"<p>Al amanecer de este jueves, arrib\u00f3 la aeronave que traslad\u00f3 los restos mortales de los 32 cubanos ca\u00eddos en Venezuela el pasado 3 de enero, en el cumplimiento de su deber.<\/p>\n","protected":false},"author":26,"featured_media":61487,"comment_status":"open","ping_status":"open","sticky":false,"template":"","format":"standard","meta":{"_acf_changed":false,"footnotes":""},"categories":[3],"tags":[50,2152,1326,2153,2154,2155,152],"coauthors":[1887],"class_list":["post-61424","post","type-post","status-publish","format-standard","has-post-thumbnail","hentry","category-cuba","tag-cuba","tag-cubanos","tag-estados-unidos","tag-funeral","tag-heroes","tag-muertos","tag-venezuela"],"acf":[],"_links":{"self":[{"href":"https:\/\/www.radiosanctispiritus.cu\/es\/wp-json\/wp\/v2\/posts\/61424","targetHints":{"allow":["GET"]}}],"collection":[{"href":"https:\/\/www.radiosanctispiritus.cu\/es\/wp-json\/wp\/v2\/posts"}],"about":[{"href":"https:\/\/www.radiosanctispiritus.cu\/es\/wp-json\/wp\/v2\/types\/post"}],"author":[{"embeddable":true,"href":"https:\/\/www.radiosanctispiritus.cu\/es\/wp-json\/wp\/v2\/users\/26"}],"replies":[{"embeddable":true,"href":"https:\/\/www.radiosanctispiritus.cu\/es\/wp-json\/wp\/v2\/comments?post=61424"}],"version-history":[{"count":5,"href":"https:\/\/www.radiosanctispiritus.cu\/es\/wp-json\/wp\/v2\/posts\/61424\/revisions"}],"predecessor-version":[{"id":61469,"href":"https:\/\/www.radiosanctispiritus.cu\/es\/wp-json\/wp\/v2\/posts\/61424\/revisions\/61469"}],"wp:featuredmedia":[{"embeddable":true,"href":"https:\/\/www.radiosanctispiritus.cu\/es\/wp-json\/wp\/v2\/media\/61487"}],"wp:attachment":[{"href":"https:\/\/www.radiosanctispiritus.cu\/es\/wp-json\/wp\/v2\/media?parent=61424"}],"wp:term":[{"taxonomy":"category","embeddable":true,"href":"https:\/\/www.radiosanctispiritus.cu\/es\/wp-json\/wp\/v2\/categories?post=61424"},{"taxonomy":"post_tag","embeddable":true,"href":"https:\/\/www.radiosanctispiritus.cu\/es\/wp-json\/wp\/v2\/tags?post=61424"},{"taxonomy":"author","embeddable":true,"href":"https:\/\/www.radiosanctispiritus.cu\/es\/wp-json\/wp\/v2\/coauthors?post=61424"}],"curies":[{"name":"wp","href":"https:\/\/api.w.org\/{rel}","templated":true}]}}