{"id":61413,"date":"2026-01-14T23:51:27","date_gmt":"2026-01-15T04:51:27","guid":{"rendered":"https:\/\/www.radiosanctispiritus.cu\/es\/?p=61413"},"modified":"2026-01-15T08:40:18","modified_gmt":"2026-01-15T13:40:18","slug":"reciben-en-cuba-a-combatientes-heridos-en-ataque-a-venezuela","status":"publish","type":"post","link":"https:\/\/www.radiosanctispiritus.cu\/es\/reciben-en-cuba-a-combatientes-heridos-en-ataque-a-venezuela\/","title":{"rendered":"Reciben en Cuba a combatientes heridos en ataque a Venezuela"},"content":{"rendered":"<p style=\"padding-left: 40px;\">Los combatientes heridos durante la reciente agresi\u00f3n militar de Estados Unidos a Venezuela, en el secuestro del Presidente Nicol\u00e1s Maduro y su esposa Cilia Flores, llegaron este mi\u00e9rcoles a la Patria, inform\u00f3 el Noticiero Nacional de Televisi\u00f3n.<\/p>\n<p>\u00a0 \u00a0Participaron en el recibimiento Bruno Rodr\u00edguez Parrilla, titular de Relaciones Exteriores; el General de Cuerpo de Ej\u00e9rcito \u00c1lvaro L\u00f3pez Miera, ministro de las Fuerzas Armadas Revolucionarias, el General de Cuerpo de Ej\u00e9rcito L\u00e1zaro Alberto \u00c1lvarez Casas, ministro del Interior, todos miembros del Bur\u00f3 Pol\u00edtico del Partido.<\/p>\n<p>Tambi\u00e9n participaron otros dirigentes del Partido, el Gobierno y jefes de ambas instituciones armadas.<\/p>\n<p>A su llegada al Aeropuerto Internacional Jos\u00e9 Mart\u00ed, los heroicos combatientes reconocieron el valor y compromiso de sus hermanos ca\u00eddos en el ataque y les fue transmitido un saludo fraternal y el reconocimiento y admiraci\u00f3n del pueblo cubano.<\/p>\n","protected":false},"excerpt":{"rendered":"<p>Los combatientes heridos durante la reciente agresi\u00f3n militar de Estados Unidos a Venezuela, en el secuestro del Presidente Nicol\u00e1s Maduro y su esposa Cilia Flores, llegaron este mi\u00e9rcoles a la Patria.<\/p>\n","protected":false},"author":123,"featured_media":61414,"comment_status":"open","ping_status":"open","sticky":false,"template":"","format":"standard","meta":{"_acf_changed":false,"footnotes":""},"categories":[8,3,4],"tags":[241,1215,213,1081],"coauthors":[1895],"class_list":["post-61413","post","type-post","status-publish","format-standard","has-post-thumbnail","hentry","category-noticia","category-cuba","category-internacionales","tag-cuba-venezuela","tag-minfar","tag-minint","tag-venezuela-ee-uu"],"acf":[],"_links":{"self":[{"href":"https:\/\/www.radiosanctispiritus.cu\/es\/wp-json\/wp\/v2\/posts\/61413","targetHints":{"allow":["GET"]}}],"collection":[{"href":"https:\/\/www.radiosanctispiritus.cu\/es\/wp-json\/wp\/v2\/posts"}],"about":[{"href":"https:\/\/www.radiosanctispiritus.cu\/es\/wp-json\/wp\/v2\/types\/post"}],"author":[{"embeddable":true,"href":"https:\/\/www.radiosanctispiritus.cu\/es\/wp-json\/wp\/v2\/users\/123"}],"replies":[{"embeddable":true,"href":"https:\/\/www.radiosanctispiritus.cu\/es\/wp-json\/wp\/v2\/comments?post=61413"}],"version-history":[{"count":2,"href":"https:\/\/www.radiosanctispiritus.cu\/es\/wp-json\/wp\/v2\/posts\/61413\/revisions"}],"predecessor-version":[{"id":61430,"href":"https:\/\/www.radiosanctispiritus.cu\/es\/wp-json\/wp\/v2\/posts\/61413\/revisions\/61430"}],"wp:featuredmedia":[{"embeddable":true,"href":"https:\/\/www.radiosanctispiritus.cu\/es\/wp-json\/wp\/v2\/media\/61414"}],"wp:attachment":[{"href":"https:\/\/www.radiosanctispiritus.cu\/es\/wp-json\/wp\/v2\/media?parent=61413"}],"wp:term":[{"taxonomy":"category","embeddable":true,"href":"https:\/\/www.radiosanctispiritus.cu\/es\/wp-json\/wp\/v2\/categories?post=61413"},{"taxonomy":"post_tag","embeddable":true,"href":"https:\/\/www.radiosanctispiritus.cu\/es\/wp-json\/wp\/v2\/tags?post=61413"},{"taxonomy":"author","embeddable":true,"href":"https:\/\/www.radiosanctispiritus.cu\/es\/wp-json\/wp\/v2\/coauthors?post=61413"}],"curies":[{"name":"wp","href":"https:\/\/api.w.org\/{rel}","templated":true}]}}